{"id":2349,"date":"2018-04-16T14:36:45","date_gmt":"2018-04-16T19:36:45","guid":{"rendered":"http:\/\/ugelchucuito.edu.pe\/portal\/?p=2349"},"modified":"2018-04-16T14:36:45","modified_gmt":"2018-04-16T19:36:45","slug":"feliz-dia-del-libro","status":"publish","type":"post","link":"https:\/\/ugelchucuito.edu.pe\/portal\/2018\/04\/16\/feliz-dia-del-libro\/","title":{"rendered":"FELIZ D\u00cdA DEL LIBRO"},"content":{"rendered":"<p><strong>Saludos;<\/strong><\/p>\n<p>A todos los directores y docentes de las IIEE del \u00e1mbito de la UGEL Chucuito Juli que, en ocasi\u00f3n de celebrar una fecha muy especial en la que rendimos homenaje a libros y autores de todo el mundo y de todos los tiempos coincidente con la muerte de tres gigantes de la literatura mundial como son Cervantes, Shakespeare y el Inca Garcilaso de la Vega, este <strong>23 de abril<\/strong> como qued\u00f3 establecido\u00a0 en la Conferencia General de la UNESCO el a\u00f1o 1995, celebramos el <strong>D\u00eda Internacional del Libro y del derecho del autor<\/strong>. Un d\u00eda que permitir\u00e1 compartir uno de los tesoros m\u00e1s preciados de la humanidad, s\u00edmbolo de creatividad y sabidur\u00eda; as\u00ed como enfatizar la preservaci\u00f3n de nuestra cultura. En tal sentido los animamos a sumarse a esta celebraci\u00f3n, junto a los atenienses que este a\u00f1o fueron declarados como la Capital Mundial del Libro UNESCO 2018, con algunas de las actividades sugeridas a continuaci\u00f3n:<\/p>\n<ol>\n<li><strong>Crear una campa\u00f1a de fomento de la lectura.\u00a0 <\/strong>Prepara una campa\u00f1a escolar para animar a la lectura a los compa\u00f1eros de otras clases. Piensa esl\u00f3ganes, collage, frases de libros o autores y haz dibujos o busca im\u00e1genes para ilustrar varios carteles, entre otras.<\/li>\n<li><strong>Visita la biblioteca del centro escolar<\/strong><strong>.<\/strong> Tambi\u00e9n en este caso deja que tus alumnos elijan, no limites su selecci\u00f3n a los libros de su edad o nivel educativo. Si el estudiante se siente a gusto cuando lee, disfrutar\u00e1 del placer de la lectura.<\/li>\n<li><strong>Crea tu libro<\/strong><strong>. <\/strong>Inventa tu propia historia y edita t\u00fa mismo tu primer libro. No olvides compartir tus creaciones a nivel de aula y de Instituci\u00f3n.<\/li>\n<li><strong>El mural literario. <\/strong><strong>U<\/strong>n mural abierto a todos en el que personas de todo de la IE comparten sus recomendaciones e ideas respecto a la lectura y producci\u00f3n de textos escritos.<\/li>\n<li><strong>Cazar un libro.<\/strong> Tambi\u00e9n puedes organizar tu propia\u00a0<strong>b\u00fasqueda dentro del centro escolar.\u00a0<\/strong>Esconde uno o varios libros en diferentes lugares y plantea una serie de pistas literarias para encontrarlos. Tus alumnos aprender\u00e1n que la lectura es un gran tesoro.<\/li>\n<li><strong>Escribir un microrrelato.\u00a0<\/strong>Lectura y escritura son dos aficiones que pueden retroalimentarse. Puedes fomentar la creatividad y el amor por las historias proponiendo a tus alumnos que escriban un microcuento, con una longitud determinada (por ejemplo, por n\u00famero de palabras o frases). Para inspirarles, puedes proponer una frase de inicio o de final, un tema, un protagonista concreto, etc.\u00a0No se olviden de compartirlo a nivel de aula o IE.<\/li>\n<\/ol>\n<p>Esperamos que se unan\u00a0 a la iniciativa y lo celebren con nosotros con las actividades que te hemos propuesto, o cont\u00e1ndonos qu\u00e9 vas a hacer en tu Instituci\u00f3n Educativa para celebrarlo.\u00a0<strong>\u00a1Larga vida al libro!<\/strong><\/p>\n<p>El especialista de Comunicaci\u00f3n<\/p>\n<p>UGEL Chucuito Juli<\/p>\n<p>DESCARGAR <a href=\"http:\/\/ugelchucuito.edu.pe\/portal\/wp-content\/uploads\/2018\/04\/COMUNICADO.pdf\" target=\"_blank\" rel=\"noopener\">COMUNICADO<\/a><\/p>\n<p>VER <a href=\"http:\/\/ugelchucuito.edu.pe\/portal\/wp-content\/uploads\/2018\/04\/videoplayback.mp4\" target=\"_blank\" rel=\"noopener\">VIDEO<\/a><\/p>\n","protected":false},"excerpt":{"rendered":"<p>Saludos; A todos los directores y docentes de las IIEE del \u00e1mbito de la UGEL Chucuito Juli que, en ocasi\u00f3n de celebrar una fecha muy especial en la que rendimos homenaje a libros y autores de todo el mundo y de todos los tiempos coincidente con la muerte de tres gigantes de la literatura mundial [&hellip;]<\/p>\n","protected":false},"author":2,"featured_media":0,"comment_status":"open","ping_status":"open","sticky":false,"template":"","format":"standard","meta":{"footnotes":""},"categories":[],"tags":[],"class_list":["post-2349","post","type-post","status-publish","format-standard","hentry"],"_links":{"self":[{"href":"https:\/\/ugelchucuito.edu.pe\/portal\/wp-json\/wp\/v2\/posts\/2349","targetHints":{"allow":["GET"]}}],"collection":[{"href":"https:\/\/ugelchucuito.edu.pe\/portal\/wp-json\/wp\/v2\/posts"}],"about":[{"href":"https:\/\/ugelchucuito.edu.pe\/portal\/wp-json\/wp\/v2\/types\/post"}],"author":[{"embeddable":true,"href":"https:\/\/ugelchucuito.edu.pe\/portal\/wp-json\/wp\/v2\/users\/2"}],"replies":[{"embeddable":true,"href":"https:\/\/ugelchucuito.edu.pe\/portal\/wp-json\/wp\/v2\/comments?post=2349"}],"version-history":[{"count":1,"href":"https:\/\/ugelchucuito.edu.pe\/portal\/wp-json\/wp\/v2\/posts\/2349\/revisions"}],"predecessor-version":[{"id":2355,"href":"https:\/\/ugelchucuito.edu.pe\/portal\/wp-json\/wp\/v2\/posts\/2349\/revisions\/2355"}],"wp:attachment":[{"href":"https:\/\/ugelchucuito.edu.pe\/portal\/wp-json\/wp\/v2\/media?parent=2349"}],"wp:term":[{"taxonomy":"category","embeddable":true,"href":"https:\/\/ugelchucuito.edu.pe\/portal\/wp-json\/wp\/v2\/categories?post=2349"},{"taxonomy":"post_tag","embeddable":true,"href":"https:\/\/ugelchucuito.edu.pe\/portal\/wp-json\/wp\/v2\/tags?post=2349"}],"curies":[{"name":"wp","href":"https:\/\/api.w.org\/{rel}","templated":true}]}}