{"id":24082,"date":"2024-04-23T15:20:52","date_gmt":"2024-04-23T20:20:52","guid":{"rendered":"https:\/\/ugelchucuito.edu.pe\/portal\/?p=24082"},"modified":"2024-04-23T15:20:59","modified_gmt":"2024-04-23T20:20:59","slug":"ampliacion-de-la-convocatoria-del-proceso-electoral-para-la-eleccion-del-representante-titular-y-alterno-ante-la-comision-permanente-de-procesos-administrativos-disciplinarios-para-docentes-de-la-ugel","status":"publish","type":"post","link":"https:\/\/ugelchucuito.edu.pe\/portal\/2024\/04\/23\/ampliacion-de-la-convocatoria-del-proceso-electoral-para-la-eleccion-del-representante-titular-y-alterno-ante-la-comision-permanente-de-procesos-administrativos-disciplinarios-para-docentes-de-la-ugel\/","title":{"rendered":"AMPLIACI\u00d3N DE LA CONVOCATORIA DEL PROCESO ELECTORAL PARA LA ELECCI\u00d3N DEL REPRESENTANTE TITULAR Y ALTERNO ANTE LA COMISI\u00d3N PERMANENTE DE PROCESOS ADMINISTRATIVOS DISCIPLINARIOS PARA DOCENTES DE LA UGEL CHUCUITO \u2013 JULI PERIODO (2024- 2025)"},"content":{"rendered":"\n<div class=\"wp-block-file\"><a href=\"https:\/\/ugelchucuito.edu.pe\/portal\/wp-content\/uploads\/2024\/04\/AMPLIATORIA-DE-CONVOCATORIA-2.pdf\">AMPLIATORIA-DE-CONVOCATORIA-2<\/a><a href=\"https:\/\/ugelchucuito.edu.pe\/portal\/wp-content\/uploads\/2024\/04\/AMPLIATORIA-DE-CONVOCATORIA-2.pdf\" class=\"wp-block-file__button\" download>Descarga<\/a><\/div>\n","protected":false},"excerpt":{"rendered":"","protected":false},"author":216,"featured_media":0,"comment_status":"open","ping_status":"open","sticky":false,"template":"","format":"standard","meta":{"footnotes":""},"categories":[],"tags":[],"class_list":["post-24082","post","type-post","status-publish","format-standard","hentry"],"_links":{"self":[{"href":"https:\/\/ugelchucuito.edu.pe\/portal\/wp-json\/wp\/v2\/posts\/24082","targetHints":{"allow":["GET"]}}],"collection":[{"href":"https:\/\/ugelchucuito.edu.pe\/portal\/wp-json\/wp\/v2\/posts"}],"about":[{"href":"https:\/\/ugelchucuito.edu.pe\/portal\/wp-json\/wp\/v2\/types\/post"}],"author":[{"embeddable":true,"href":"https:\/\/ugelchucuito.edu.pe\/portal\/wp-json\/wp\/v2\/users\/216"}],"replies":[{"embeddable":true,"href":"https:\/\/ugelchucuito.edu.pe\/portal\/wp-json\/wp\/v2\/comments?post=24082"}],"version-history":[{"count":1,"href":"https:\/\/ugelchucuito.edu.pe\/portal\/wp-json\/wp\/v2\/posts\/24082\/revisions"}],"predecessor-version":[{"id":24085,"href":"https:\/\/ugelchucuito.edu.pe\/portal\/wp-json\/wp\/v2\/posts\/24082\/revisions\/24085"}],"wp:attachment":[{"href":"https:\/\/ugelchucuito.edu.pe\/portal\/wp-json\/wp\/v2\/media?parent=24082"}],"wp:term":[{"taxonomy":"category","embeddable":true,"href":"https:\/\/ugelchucuito.edu.pe\/portal\/wp-json\/wp\/v2\/categories?post=24082"},{"taxonomy":"post_tag","embeddable":true,"href":"https:\/\/ugelchucuito.edu.pe\/portal\/wp-json\/wp\/v2\/tags?post=24082"}],"curies":[{"name":"wp","href":"https:\/\/api.w.org\/{rel}","templated":true}]}}