{"id":24636,"date":"2024-06-21T19:28:16","date_gmt":"2024-06-22T00:28:16","guid":{"rendered":"https:\/\/ugelchucuito.edu.pe\/portal\/?p=24636"},"modified":"2024-06-21T19:28:17","modified_gmt":"2024-06-22T00:28:17","slug":"cuadro-de-meritos-final-proceso-de-reasignacion-docente-ley-n-29944-por-las-causales-de-interes-personal-y-unidad-familiar-para-el-ano-2024-etapa-regional-primera-fase-ugel-chucuito-juli","status":"publish","type":"post","link":"https:\/\/ugelchucuito.edu.pe\/portal\/2024\/06\/21\/cuadro-de-meritos-final-proceso-de-reasignacion-docente-ley-n-29944-por-las-causales-de-interes-personal-y-unidad-familiar-para-el-ano-2024-etapa-regional-primera-fase-ugel-chucuito-juli\/","title":{"rendered":"CUADRO DE M\u00c9RITOS FINAL &#8211; PROCESO DE REASIGNACI\u00d3N DOCENTE. LEY N\u00b0 29944, POR LAS CAUSALES DE INTER\u00c9S PERSONAL Y UNIDAD FAMILIAR PARA EL A\u00d1O 2024. ETAPA REGIONAL PRIMERA FASE. UGEL CHUCUITO JULI"},"content":{"rendered":"\n<div class=\"wp-block-file\"><a id=\"wp-block-file--media-4e764644-1eca-4a13-b094-24260d0d98b0\" href=\"https:\/\/ugelchucuito.edu.pe\/portal\/wp-content\/uploads\/2024\/06\/COMUNICADO-001-2024-COM.REASIG.-ADJUDICACION-DE-PLAZAS.pdf\" target=\"_blank\" rel=\"noreferrer noopener\"><strong>&#8211; VER COMUNICADO N\u00b0 001-2024-COM.REASIG. ADJUDICACI\u00d3N DE PLAZAS<\/strong><\/a><a href=\"https:\/\/ugelchucuito.edu.pe\/portal\/wp-content\/uploads\/2024\/06\/COMUNICADO-001-2024-COM.REASIG.-ADJUDICACION-DE-PLAZAS.pdf\" class=\"wp-block-file__button wp-element-button\" download aria-describedby=\"wp-block-file--media-4e764644-1eca-4a13-b094-24260d0d98b0\">Descarga<\/a><\/div>\n\n\n\n<div class=\"wp-block-file\"><a id=\"wp-block-file--media-066a50f3-18a0-4ac9-adb3-ebc064e9506a\" href=\"https:\/\/ugelchucuito.edu.pe\/portal\/wp-content\/uploads\/2024\/06\/CUADRO-DE-MERITOS-FINAL-INTERES-PERSONAL-REGIONAL-EDUC.-INICIAL.pdf\" target=\"_blank\" rel=\"noreferrer noopener\"><strong>&#8211; VER CUADRO DE M\u00c9RITOS FINAL &#8211; INTER\u00c9S PERSONAL &#8211; REGIONAL &#8211; EDUC. INICIAL<\/strong><\/a><a href=\"https:\/\/ugelchucuito.edu.pe\/portal\/wp-content\/uploads\/2024\/06\/CUADRO-DE-MERITOS-FINAL-INTERES-PERSONAL-REGIONAL-EDUC.-INICIAL.pdf\" class=\"wp-block-file__button wp-element-button\" download aria-describedby=\"wp-block-file--media-066a50f3-18a0-4ac9-adb3-ebc064e9506a\">Descarga<\/a><\/div>\n\n\n\n<div class=\"wp-block-file\"><a id=\"wp-block-file--media-05fe2cde-f0ee-46dc-83a6-fcaecc2605ff\" href=\"https:\/\/ugelchucuito.edu.pe\/portal\/wp-content\/uploads\/2024\/06\/CUADRO-DE-MERITOS-FINAL-UNIDAD-FAMILIAR-REGIONAL-EDUC.-INICIAL.pdf\" target=\"_blank\" rel=\"noreferrer noopener\"><strong>&#8211; VER CUADRO DE M\u00c9RITOS FINAL &#8211; UNIDAD FAMILIAR &#8211; REGIONAL &#8211; EDUC. INICIAL<\/strong><\/a><a href=\"https:\/\/ugelchucuito.edu.pe\/portal\/wp-content\/uploads\/2024\/06\/CUADRO-DE-MERITOS-FINAL-UNIDAD-FAMILIAR-REGIONAL-EDUC.-INICIAL.pdf\" class=\"wp-block-file__button wp-element-button\" download aria-describedby=\"wp-block-file--media-05fe2cde-f0ee-46dc-83a6-fcaecc2605ff\">Descarga<\/a><\/div>\n\n\n\n<div class=\"wp-block-file\"><a id=\"wp-block-file--media-bb82cfee-49ae-421e-b79b-209189c3892e\" href=\"https:\/\/ugelchucuito.edu.pe\/portal\/wp-content\/uploads\/2024\/06\/CUADRO-DE-MERITOS-FINAL-INTERES-PERSONAL-REGIONAL-EDUC.-PRIMARIA.pdf\" target=\"_blank\" rel=\"noreferrer noopener\"><strong>&#8211; VER CUADRO DE M\u00c9RITOS FINAL &#8211; INTER\u00c9S PERSONAL &#8211; REGIONAL &#8211; EDUC. PRIMARIA<\/strong><\/a><a href=\"https:\/\/ugelchucuito.edu.pe\/portal\/wp-content\/uploads\/2024\/06\/CUADRO-DE-MERITOS-FINAL-INTERES-PERSONAL-REGIONAL-EDUC.-PRIMARIA.pdf\" class=\"wp-block-file__button wp-element-button\" download aria-describedby=\"wp-block-file--media-bb82cfee-49ae-421e-b79b-209189c3892e\">Descarga<\/a><\/div>\n\n\n\n<div class=\"wp-block-file\"><a id=\"wp-block-file--media-2828b068-570a-4f77-b578-221d68900c2f\" href=\"https:\/\/ugelchucuito.edu.pe\/portal\/wp-content\/uploads\/2024\/06\/CUADRO-DE-MERITOS-FINAL-UNIDAD-FAMILIAR-REGIONAL-EDUC.-PRIMARIA.pdf\" target=\"_blank\" rel=\"noreferrer noopener\"><strong>&#8211; VER CUADRO DE M\u00c9RITOS FINAL &#8211; UNIDAD FAMILIAR &#8211; REGIONAL &#8211; EDUC. PRIMARIA<\/strong><\/a><a href=\"https:\/\/ugelchucuito.edu.pe\/portal\/wp-content\/uploads\/2024\/06\/CUADRO-DE-MERITOS-FINAL-UNIDAD-FAMILIAR-REGIONAL-EDUC.-PRIMARIA.pdf\" class=\"wp-block-file__button wp-element-button\" download aria-describedby=\"wp-block-file--media-2828b068-570a-4f77-b578-221d68900c2f\">Descarga<\/a><\/div>\n\n\n\n<div class=\"wp-block-file\"><a id=\"wp-block-file--media-be3b3075-2e4d-4b03-986b-91f0736b077c\" href=\"https:\/\/ugelchucuito.edu.pe\/portal\/wp-content\/uploads\/2024\/06\/CUADRO-DE-MERITOS-FINAL-UNIDAD-FAMILIAR-INTERREGIONAL-EDUC.-PRIMARIA.pdf\" target=\"_blank\" rel=\"noreferrer noopener\"><strong>&#8211; VER CUADRO DE M\u00c9RITOS FINAL &#8211; UNIDAD FAMILIAR &#8211; INTERREGIONAL &#8211; EDUC. PRIMARIA<\/strong><\/a><a href=\"https:\/\/ugelchucuito.edu.pe\/portal\/wp-content\/uploads\/2024\/06\/CUADRO-DE-MERITOS-FINAL-UNIDAD-FAMILIAR-INTERREGIONAL-EDUC.-PRIMARIA.pdf\" class=\"wp-block-file__button wp-element-button\" download aria-describedby=\"wp-block-file--media-be3b3075-2e4d-4b03-986b-91f0736b077c\">Descarga<\/a><\/div>\n\n\n\n<div class=\"wp-block-file\"><a id=\"wp-block-file--media-7ddf3020-375c-42da-8241-b4e45aeba73c\" href=\"https:\/\/ugelchucuito.edu.pe\/portal\/wp-content\/uploads\/2024\/06\/CUADRO-DE-MERITOS-FINAL-INTERES-PERSONAL-REGIONAL-EDUC.-SECUNDARIA.pdf\" target=\"_blank\" rel=\"noreferrer noopener\"><strong>&#8211; VER CUADRO DE M\u00c9RITOS FINAL &#8211; INTER\u00c9S PERSONAL &#8211; REGIONAL &#8211; EDUC. SECUNDARIA<\/strong><\/a><a href=\"https:\/\/ugelchucuito.edu.pe\/portal\/wp-content\/uploads\/2024\/06\/CUADRO-DE-MERITOS-FINAL-INTERES-PERSONAL-REGIONAL-EDUC.-SECUNDARIA.pdf\" class=\"wp-block-file__button wp-element-button\" download aria-describedby=\"wp-block-file--media-7ddf3020-375c-42da-8241-b4e45aeba73c\">Descarga<\/a><\/div>\n\n\n\n<div class=\"wp-block-file\"><a id=\"wp-block-file--media-d29d0a96-3e70-4ce4-a2e5-96bdf7ffd0d8\" href=\"https:\/\/ugelchucuito.edu.pe\/portal\/wp-content\/uploads\/2024\/06\/CUADRO-DE-MERITOS-FINAL-UNIDAD-FAMILIAR-REGIONAL-EDUC.-SECUNDARIA.pdf\" target=\"_blank\" rel=\"noreferrer noopener\"><strong>&#8211; VER CUADRO DE M\u00c9RITOS FINAL &#8211; UNIDAD FAMILIAR &#8211; REGIONAL &#8211; EDUC. SECUNDARIA<\/strong><\/a><a href=\"https:\/\/ugelchucuito.edu.pe\/portal\/wp-content\/uploads\/2024\/06\/CUADRO-DE-MERITOS-FINAL-UNIDAD-FAMILIAR-REGIONAL-EDUC.-SECUNDARIA.pdf\" class=\"wp-block-file__button wp-element-button\" download aria-describedby=\"wp-block-file--media-d29d0a96-3e70-4ce4-a2e5-96bdf7ffd0d8\">Descarga<\/a><\/div>\n\n\n\n<div class=\"wp-block-file\"><a id=\"wp-block-file--media-15a8220f-03b1-497c-bcf5-3607fe917a44\" href=\"https:\/\/ugelchucuito.edu.pe\/portal\/wp-content\/uploads\/2024\/06\/CUADRO-DE-MERITOS-FINAL-INTERES-PERSONAL-INTERREGIONAL-EDUC.-SECUNDARIA.pdf\" target=\"_blank\" rel=\"noreferrer noopener\"><strong>&#8211; VER CUADRO DE M\u00c9RITOS FINAL &#8211; INTER\u00c9S PERSONAL &#8211; INTERREGIONAL &#8211; EDUC. SECUNDARIA<\/strong><\/a><a href=\"https:\/\/ugelchucuito.edu.pe\/portal\/wp-content\/uploads\/2024\/06\/CUADRO-DE-MERITOS-FINAL-INTERES-PERSONAL-INTERREGIONAL-EDUC.-SECUNDARIA.pdf\" class=\"wp-block-file__button wp-element-button\" download aria-describedby=\"wp-block-file--media-15a8220f-03b1-497c-bcf5-3607fe917a44\">Descarga<\/a><\/div>\n\n\n\n<div class=\"wp-block-file\"><a id=\"wp-block-file--media-17e136a4-35e3-4552-bbea-a1590b852827\" href=\"https:\/\/ugelchucuito.edu.pe\/portal\/wp-content\/uploads\/2024\/06\/CUADRO-DE-MERITOS-FINAL-INTERES-PERSONAL-REGIONAL-TECNICO-PRODUCTIVA.pdf\" target=\"_blank\" rel=\"noreferrer noopener\"><strong>&#8211; VER CUADRO DE M\u00c9RITOS FINAL &#8211; INTER\u00c9S PERSONAL &#8211; REGIONAL &#8211; T\u00c9CNICO PRODUCTIVA<\/strong><\/a><a href=\"https:\/\/ugelchucuito.edu.pe\/portal\/wp-content\/uploads\/2024\/06\/CUADRO-DE-MERITOS-FINAL-INTERES-PERSONAL-REGIONAL-TECNICO-PRODUCTIVA.pdf\" class=\"wp-block-file__button wp-element-button\" download aria-describedby=\"wp-block-file--media-17e136a4-35e3-4552-bbea-a1590b852827\">Descarga<\/a><\/div>\n\n\n\n<p><strong>Nota: Para la adjudicaci\u00f3n los postulantes deber\u00e1n portar su DNI.<\/strong><\/p>\n","protected":false},"excerpt":{"rendered":"<p>Nota: Para la adjudicaci\u00f3n los postulantes deber\u00e1n portar su DNI.<\/p>\n","protected":false},"author":3,"featured_media":0,"comment_status":"open","ping_status":"open","sticky":false,"template":"","format":"standard","meta":{"footnotes":""},"categories":[],"tags":[],"class_list":["post-24636","post","type-post","status-publish","format-standard","hentry"],"_links":{"self":[{"href":"https:\/\/ugelchucuito.edu.pe\/portal\/wp-json\/wp\/v2\/posts\/24636","targetHints":{"allow":["GET"]}}],"collection":[{"href":"https:\/\/ugelchucuito.edu.pe\/portal\/wp-json\/wp\/v2\/posts"}],"about":[{"href":"https:\/\/ugelchucuito.edu.pe\/portal\/wp-json\/wp\/v2\/types\/post"}],"author":[{"embeddable":true,"href":"https:\/\/ugelchucuito.edu.pe\/portal\/wp-json\/wp\/v2\/users\/3"}],"replies":[{"embeddable":true,"href":"https:\/\/ugelchucuito.edu.pe\/portal\/wp-json\/wp\/v2\/comments?post=24636"}],"version-history":[{"count":1,"href":"https:\/\/ugelchucuito.edu.pe\/portal\/wp-json\/wp\/v2\/posts\/24636\/revisions"}],"predecessor-version":[{"id":24647,"href":"https:\/\/ugelchucuito.edu.pe\/portal\/wp-json\/wp\/v2\/posts\/24636\/revisions\/24647"}],"wp:attachment":[{"href":"https:\/\/ugelchucuito.edu.pe\/portal\/wp-json\/wp\/v2\/media?parent=24636"}],"wp:term":[{"taxonomy":"category","embeddable":true,"href":"https:\/\/ugelchucuito.edu.pe\/portal\/wp-json\/wp\/v2\/categories?post=24636"},{"taxonomy":"post_tag","embeddable":true,"href":"https:\/\/ugelchucuito.edu.pe\/portal\/wp-json\/wp\/v2\/tags?post=24636"}],"curies":[{"name":"wp","href":"https:\/\/api.w.org\/{rel}","templated":true}]}}