{"id":24777,"date":"2024-07-09T15:49:23","date_gmt":"2024-07-09T20:49:23","guid":{"rendered":"https:\/\/ugelchucuito.edu.pe\/portal\/?p=24777"},"modified":"2024-07-09T15:49:26","modified_gmt":"2024-07-09T20:49:26","slug":"reunion-virtual-sobre-orientaciones-generales-para-la-implementacion-del-segundo-bloque-de-semanas-de-gestion-2024","status":"publish","type":"post","link":"https:\/\/ugelchucuito.edu.pe\/portal\/2024\/07\/09\/reunion-virtual-sobre-orientaciones-generales-para-la-implementacion-del-segundo-bloque-de-semanas-de-gestion-2024\/","title":{"rendered":"REUNI\u00d3N VIRTUAL SOBRE ORIENTACIONES GENERALES PARA LA IMPLEMENTACI\u00d3N DEL SEGUNDO BLOQUE DE SEMANAS DE\u00a0GESTI\u00d3N 2024."},"content":{"rendered":"\n<p>Estimados Directivos de IIEESS, previo saludo; invitarlos a la reuni\u00f3n informativa donde se brindar\u00e1 las orientaciones generales para la implementaci\u00f3n del segundo bloque de las semanas de gesti\u00f3n del a\u00f1o escolar 2024, que se desarrollar\u00e1 conforme al siguiente detalle:<\/p>\n\n\n\n<ul class=\"wp-block-list\">\n<li><a>Fecha, viernes 12 de julio de 2024.<\/a><\/li>\n\n\n\n<li>Hora inicio: 6:00 pm<\/li>\n\n\n\n<li>V\u00eda Zoom: El enlace se compartir\u00e1 en el grupo SECUNDARIA UGEL CHUCUITO.<\/li>\n<\/ul>\n\n\n\n<div data-wp-interactive=\"core\/file\" class=\"wp-block-file\"><object data-wp-bind--hidden=\"!state.hasPdfPreview\" hidden class=\"wp-block-file__embed\" data=\"https:\/\/ugelchucuito.edu.pe\/portal\/wp-content\/uploads\/2024\/07\/OFICIO-MULTIPLE-N-0129-2024-MINEDU-DREP-UGELCH.pdf\" type=\"application\/pdf\" style=\"width:100%;height:600px\" aria-label=\"Incrustado de OFICIO-MULTIPLE-N-0129-2024-MINEDU-DREP-UGELCH.\"><\/object><a id=\"wp-block-file--media-0975730d-d246-4300-9bed-8cbb8705e3d8\" href=\"https:\/\/ugelchucuito.edu.pe\/portal\/wp-content\/uploads\/2024\/07\/OFICIO-MULTIPLE-N-0129-2024-MINEDU-DREP-UGELCH.pdf\">OFICIO-MULTIPLE-N-0129-2024-MINEDU-DREP-UGELCH<\/a><a href=\"https:\/\/ugelchucuito.edu.pe\/portal\/wp-content\/uploads\/2024\/07\/OFICIO-MULTIPLE-N-0129-2024-MINEDU-DREP-UGELCH.pdf\" class=\"wp-block-file__button wp-element-button\" download aria-describedby=\"wp-block-file--media-0975730d-d246-4300-9bed-8cbb8705e3d8\">Descarga<\/a><\/div>\n","protected":false},"excerpt":{"rendered":"<p>Estimados Directivos de IIEESS, previo saludo; invitarlos a la reuni\u00f3n informativa donde se brindar\u00e1 las orientaciones generales para la implementaci\u00f3n del segundo bloque de las semanas de gesti\u00f3n del a\u00f1o escolar 2024, que se desarrollar\u00e1 conforme al siguiente detalle:<\/p>\n","protected":false},"author":2,"featured_media":0,"comment_status":"open","ping_status":"open","sticky":false,"template":"","format":"standard","meta":{"footnotes":""},"categories":[],"tags":[],"class_list":["post-24777","post","type-post","status-publish","format-standard","hentry"],"_links":{"self":[{"href":"https:\/\/ugelchucuito.edu.pe\/portal\/wp-json\/wp\/v2\/posts\/24777","targetHints":{"allow":["GET"]}}],"collection":[{"href":"https:\/\/ugelchucuito.edu.pe\/portal\/wp-json\/wp\/v2\/posts"}],"about":[{"href":"https:\/\/ugelchucuito.edu.pe\/portal\/wp-json\/wp\/v2\/types\/post"}],"author":[{"embeddable":true,"href":"https:\/\/ugelchucuito.edu.pe\/portal\/wp-json\/wp\/v2\/users\/2"}],"replies":[{"embeddable":true,"href":"https:\/\/ugelchucuito.edu.pe\/portal\/wp-json\/wp\/v2\/comments?post=24777"}],"version-history":[{"count":1,"href":"https:\/\/ugelchucuito.edu.pe\/portal\/wp-json\/wp\/v2\/posts\/24777\/revisions"}],"predecessor-version":[{"id":24780,"href":"https:\/\/ugelchucuito.edu.pe\/portal\/wp-json\/wp\/v2\/posts\/24777\/revisions\/24780"}],"wp:attachment":[{"href":"https:\/\/ugelchucuito.edu.pe\/portal\/wp-json\/wp\/v2\/media?parent=24777"}],"wp:term":[{"taxonomy":"category","embeddable":true,"href":"https:\/\/ugelchucuito.edu.pe\/portal\/wp-json\/wp\/v2\/categories?post=24777"},{"taxonomy":"post_tag","embeddable":true,"href":"https:\/\/ugelchucuito.edu.pe\/portal\/wp-json\/wp\/v2\/tags?post=24777"}],"curies":[{"name":"wp","href":"https:\/\/api.w.org\/{rel}","templated":true}]}}