{"id":24897,"date":"2024-07-15T17:18:34","date_gmt":"2024-07-15T22:18:34","guid":{"rendered":"https:\/\/ugelchucuito.edu.pe\/portal\/?p=24897"},"modified":"2024-07-15T17:24:43","modified_gmt":"2024-07-15T22:24:43","slug":"taller-presencial-fortalecimiento-de-capacidades-pedagogicas-en-las-areas-de-comunicacion-y-matematica-con-docentes-de-aula-a-cargo-de-4to-grado-del-nivel-primaria","status":"publish","type":"post","link":"https:\/\/ugelchucuito.edu.pe\/portal\/2024\/07\/15\/taller-presencial-fortalecimiento-de-capacidades-pedagogicas-en-las-areas-de-comunicacion-y-matematica-con-docentes-de-aula-a-cargo-de-4to-grado-del-nivel-primaria\/","title":{"rendered":"TALLER PRESENCIAL: FORTALECIMIENTO DE CAPACIDADES PEDAG\u00d3GICAS EN LAS \u00c1REAS DE COMUNICACI\u00d3N Y MATEM\u00c1TICA CON DOCENTES DE AULA A CARGO DE 4TO GRADO DEL NIVEL PRIMARIA"},"content":{"rendered":"\n<div class=\"wp-block-file\"><a id=\"wp-block-file--media-9f346d57-42d1-4f01-983e-5623bf91d1b3\" href=\"https:\/\/ugelchucuito.edu.pe\/portal\/wp-content\/uploads\/2024\/07\/OFICIO-CONVOCATORIA-DOCENTES-DE-4TO-GRADO.pdf\" target=\"_blank\" rel=\"noreferrer noopener\"><strong>&#8211; VER OFICIO DE CONVOCATORIA DOCENTES DE 4TO GRADO<\/strong><\/a><a href=\"https:\/\/ugelchucuito.edu.pe\/portal\/wp-content\/uploads\/2024\/07\/OFICIO-CONVOCATORIA-DOCENTES-DE-4TO-GRADO.pdf\" class=\"wp-block-file__button wp-element-button\" download aria-describedby=\"wp-block-file--media-9f346d57-42d1-4f01-983e-5623bf91d1b3\">Descarga<\/a><\/div>\n","protected":false},"excerpt":{"rendered":"","protected":false},"author":3,"featured_media":0,"comment_status":"open","ping_status":"open","sticky":false,"template":"","format":"standard","meta":{"footnotes":""},"categories":[],"tags":[],"class_list":["post-24897","post","type-post","status-publish","format-standard","hentry"],"_links":{"self":[{"href":"https:\/\/ugelchucuito.edu.pe\/portal\/wp-json\/wp\/v2\/posts\/24897","targetHints":{"allow":["GET"]}}],"collection":[{"href":"https:\/\/ugelchucuito.edu.pe\/portal\/wp-json\/wp\/v2\/posts"}],"about":[{"href":"https:\/\/ugelchucuito.edu.pe\/portal\/wp-json\/wp\/v2\/types\/post"}],"author":[{"embeddable":true,"href":"https:\/\/ugelchucuito.edu.pe\/portal\/wp-json\/wp\/v2\/users\/3"}],"replies":[{"embeddable":true,"href":"https:\/\/ugelchucuito.edu.pe\/portal\/wp-json\/wp\/v2\/comments?post=24897"}],"version-history":[{"count":3,"href":"https:\/\/ugelchucuito.edu.pe\/portal\/wp-json\/wp\/v2\/posts\/24897\/revisions"}],"predecessor-version":[{"id":24902,"href":"https:\/\/ugelchucuito.edu.pe\/portal\/wp-json\/wp\/v2\/posts\/24897\/revisions\/24902"}],"wp:attachment":[{"href":"https:\/\/ugelchucuito.edu.pe\/portal\/wp-json\/wp\/v2\/media?parent=24897"}],"wp:term":[{"taxonomy":"category","embeddable":true,"href":"https:\/\/ugelchucuito.edu.pe\/portal\/wp-json\/wp\/v2\/categories?post=24897"},{"taxonomy":"post_tag","embeddable":true,"href":"https:\/\/ugelchucuito.edu.pe\/portal\/wp-json\/wp\/v2\/tags?post=24897"}],"curies":[{"name":"wp","href":"https:\/\/api.w.org\/{rel}","templated":true}]}}