{"id":24905,"date":"2024-07-16T09:21:15","date_gmt":"2024-07-16T14:21:15","guid":{"rendered":"https:\/\/ugelchucuito.edu.pe\/portal\/?p=24905"},"modified":"2024-07-16T09:31:14","modified_gmt":"2024-07-16T14:31:14","slug":"ciclo-formativo-virtual-en-el-marco-del-refuerzo-escolar-matematica-y-comunicacion","status":"publish","type":"post","link":"https:\/\/ugelchucuito.edu.pe\/portal\/2024\/07\/16\/ciclo-formativo-virtual-en-el-marco-del-refuerzo-escolar-matematica-y-comunicacion\/","title":{"rendered":"Ciclo Formativo Virtual en el marco del Refuerzo Escolar &#8211; Matem\u00e1tica y Comunicaci\u00f3n"},"content":{"rendered":"\n<p>Estimados compa\u00f1eros profesores comprometidos con el ense\u00f1anza de la Matem\u00e1tica y Comunicaci\u00f3n, se les invita a participar del Ciclo Formativo Virtual 2024 de la UGEL Chucuito, en el marco de la estrategia nacional de Refuerzo Escolar. Con el siguiente cronograma:<\/p>\n\n\n\n<figure class=\"wp-block-table\"><table><tbody><tr><td>D\u00eda<\/td><td>Hora<\/td><td>Tema<\/td><\/tr><tr><td>Mi\u00e9rcoles 10 de julio<\/td><td>5:00 pm \u2013 7:00 pm<\/td><td>&#8211; Mediaci\u00f3n y retroalimentaci\u00f3n (Comunicaci\u00f3n)<br>&#8211; Ecuaciones (Matem\u00e1tica)<\/td><\/tr><tr><td>Mi\u00e9rcoles 17 de julio<\/td><td>5:00 pm \u2013 7:00 pm<\/td><td>&#8211; Intertextualidad (Comunicaci\u00f3n)<br>&#8211; Proporcionalidad (Matem\u00e1tica)<\/td><\/tr><tr><td>Mi\u00e9rcoles 31 de julio<\/td><td>5:00 pm \u2013 7:00 pm<\/td><td>&#8211; Procesos de Escritura (Comunicaci\u00f3n)<br>&#8211; Patrones recursivos (Matem\u00e1tica)<\/td><\/tr><\/tbody><\/table><\/figure>\n\n\n\n<p>El link de las reuniones se estar\u00e1 compartiendo antes del inicio de la reuni\u00f3n en los grupos de profesores de Matem\u00e1tica y Comunicaci\u00f3n de la UGEL Chucuito.<\/p>\n\n\n\n<div data-wp-interactive=\"core\/file\" class=\"wp-block-file\"><object data-wp-bind--hidden=\"!state.hasPdfPreview\" hidden class=\"wp-block-file__embed\" data=\"https:\/\/ugelchucuito.edu.pe\/portal\/wp-content\/uploads\/2024\/07\/Ciclo-formativo-2024.pdf\" type=\"application\/pdf\" style=\"width:100%;height:600px\" aria-label=\"Incrustado de Ciclo-formativo-2024.\"><\/object><a id=\"wp-block-file--media-0043765f-094d-461b-a6fb-784f40e08d5d\" href=\"https:\/\/ugelchucuito.edu.pe\/portal\/wp-content\/uploads\/2024\/07\/Ciclo-formativo-2024.pdf\">Ciclo-formativo-2024<\/a><a href=\"https:\/\/ugelchucuito.edu.pe\/portal\/wp-content\/uploads\/2024\/07\/Ciclo-formativo-2024.pdf\" class=\"wp-block-file__button wp-element-button\" download aria-describedby=\"wp-block-file--media-0043765f-094d-461b-a6fb-784f40e08d5d\">Descarga<\/a><\/div>\n","protected":false},"excerpt":{"rendered":"<p>Estimados compa\u00f1eros profesores comprometidos con el ense\u00f1anza de la Matem\u00e1tica y Comunicaci\u00f3n, se les invita a participar del Ciclo Formativo Virtual 2024 de la UGEL Chucuito, en el marco de la estrategia nacional de Refuerzo Escolar. Con el siguiente cronograma: D\u00eda Hora Tema Mi\u00e9rcoles 10 de julio 5:00 pm \u2013 7:00 pm &#8211; Mediaci\u00f3n y [&hellip;]<\/p>\n","protected":false},"author":2,"featured_media":0,"comment_status":"open","ping_status":"open","sticky":false,"template":"","format":"standard","meta":{"footnotes":""},"categories":[],"tags":[],"class_list":["post-24905","post","type-post","status-publish","format-standard","hentry"],"_links":{"self":[{"href":"https:\/\/ugelchucuito.edu.pe\/portal\/wp-json\/wp\/v2\/posts\/24905","targetHints":{"allow":["GET"]}}],"collection":[{"href":"https:\/\/ugelchucuito.edu.pe\/portal\/wp-json\/wp\/v2\/posts"}],"about":[{"href":"https:\/\/ugelchucuito.edu.pe\/portal\/wp-json\/wp\/v2\/types\/post"}],"author":[{"embeddable":true,"href":"https:\/\/ugelchucuito.edu.pe\/portal\/wp-json\/wp\/v2\/users\/2"}],"replies":[{"embeddable":true,"href":"https:\/\/ugelchucuito.edu.pe\/portal\/wp-json\/wp\/v2\/comments?post=24905"}],"version-history":[{"count":1,"href":"https:\/\/ugelchucuito.edu.pe\/portal\/wp-json\/wp\/v2\/posts\/24905\/revisions"}],"predecessor-version":[{"id":24908,"href":"https:\/\/ugelchucuito.edu.pe\/portal\/wp-json\/wp\/v2\/posts\/24905\/revisions\/24908"}],"wp:attachment":[{"href":"https:\/\/ugelchucuito.edu.pe\/portal\/wp-json\/wp\/v2\/media?parent=24905"}],"wp:term":[{"taxonomy":"category","embeddable":true,"href":"https:\/\/ugelchucuito.edu.pe\/portal\/wp-json\/wp\/v2\/categories?post=24905"},{"taxonomy":"post_tag","embeddable":true,"href":"https:\/\/ugelchucuito.edu.pe\/portal\/wp-json\/wp\/v2\/tags?post=24905"}],"curies":[{"name":"wp","href":"https:\/\/api.w.org\/{rel}","templated":true}]}}