{"id":25019,"date":"2024-08-05T20:23:00","date_gmt":"2024-08-06T01:23:00","guid":{"rendered":"https:\/\/ugelchucuito.edu.pe\/portal\/?p=25019"},"modified":"2024-08-05T20:23:01","modified_gmt":"2024-08-06T01:23:01","slug":"adjudicacion-de-plaza-vacante-contrato-docente-07-08-2024","status":"publish","type":"post","link":"https:\/\/ugelchucuito.edu.pe\/portal\/2024\/08\/05\/adjudicacion-de-plaza-vacante-contrato-docente-07-08-2024\/","title":{"rendered":"ADJUDICACI\u00d3N DE PLAZA VACANTE CONTRATO DOCENTE (07-08-2024)"},"content":{"rendered":"\n<div data-wp-interactive=\"core\/file\" class=\"wp-block-file\"><object data-wp-bind--hidden=\"!state.hasPdfPreview\" hidden class=\"wp-block-file__embed\" data=\"https:\/\/ugelchucuito.edu.pe\/portal\/wp-content\/uploads\/2024\/08\/PLAZA-PARA-PUBLICAR-CONTRATO-05-08-2024.pdf\" type=\"application\/pdf\" style=\"width:100%;height:600px\" aria-label=\"Incrustado de &lt;strong&gt;&lt;mark style=&quot;background-color:#ffffff&quot; class=&quot;has-inline-color has-vivid-cyan-blue-color&quot;&gt;- VER REPORTE DE PLAZA VACANTE&lt;\/mark&gt;&lt;\/strong&gt;.\"><\/object><a id=\"wp-block-file--media-e919e1a4-f8b2-49d0-9f8f-99ec69002f2c\" href=\"https:\/\/ugelchucuito.edu.pe\/portal\/wp-content\/uploads\/2024\/08\/PLAZA-PARA-PUBLICAR-CONTRATO-05-08-2024.pdf\" target=\"_blank\" rel=\"noreferrer noopener\"><strong><mark style=\"background-color:#ffffff\" class=\"has-inline-color has-vivid-cyan-blue-color\">&#8211; VER REPORTE DE PLAZA VACANTE<\/mark><\/strong><\/a><a href=\"https:\/\/ugelchucuito.edu.pe\/portal\/wp-content\/uploads\/2024\/08\/PLAZA-PARA-PUBLICAR-CONTRATO-05-08-2024.pdf\" class=\"wp-block-file__button wp-element-button\" download aria-describedby=\"wp-block-file--media-e919e1a4-f8b2-49d0-9f8f-99ec69002f2c\">Descarga<\/a><\/div>\n\n\n\n<p><strong><mark><mark style=\"background-color:#ffffff\" class=\"has-inline-color has-vivid-cyan-blue-color\">Lugar: Sede Administrativa de la UGEL Chucuito Juli<br>D\u00eda: Mi\u00e9rcoles 07 de Agosto de 2024<br>Hora: 09:00 a. m.<br>Nota: La adjudicaci\u00f3n se realizar\u00e1 por invitaci\u00f3n. Los postulantes deben portar los originales de su expediente para su validaci\u00f3n.<\/mark><\/mark><\/strong><\/p>\n","protected":false},"excerpt":{"rendered":"<p>Lugar: Sede Administrativa de la UGEL Chucuito JuliD\u00eda: Mi\u00e9rcoles 07 de Agosto de 2024Hora: 09:00 a. m.Nota: La adjudicaci\u00f3n se realizar\u00e1 por invitaci\u00f3n. Los postulantes deben portar los originales de su expediente para su validaci\u00f3n.<\/p>\n","protected":false},"author":1,"featured_media":0,"comment_status":"open","ping_status":"open","sticky":false,"template":"","format":"standard","meta":{"footnotes":""},"categories":[],"tags":[],"class_list":["post-25019","post","type-post","status-publish","format-standard","hentry"],"_links":{"self":[{"href":"https:\/\/ugelchucuito.edu.pe\/portal\/wp-json\/wp\/v2\/posts\/25019","targetHints":{"allow":["GET"]}}],"collection":[{"href":"https:\/\/ugelchucuito.edu.pe\/portal\/wp-json\/wp\/v2\/posts"}],"about":[{"href":"https:\/\/ugelchucuito.edu.pe\/portal\/wp-json\/wp\/v2\/types\/post"}],"author":[{"embeddable":true,"href":"https:\/\/ugelchucuito.edu.pe\/portal\/wp-json\/wp\/v2\/users\/1"}],"replies":[{"embeddable":true,"href":"https:\/\/ugelchucuito.edu.pe\/portal\/wp-json\/wp\/v2\/comments?post=25019"}],"version-history":[{"count":1,"href":"https:\/\/ugelchucuito.edu.pe\/portal\/wp-json\/wp\/v2\/posts\/25019\/revisions"}],"predecessor-version":[{"id":25021,"href":"https:\/\/ugelchucuito.edu.pe\/portal\/wp-json\/wp\/v2\/posts\/25019\/revisions\/25021"}],"wp:attachment":[{"href":"https:\/\/ugelchucuito.edu.pe\/portal\/wp-json\/wp\/v2\/media?parent=25019"}],"wp:term":[{"taxonomy":"category","embeddable":true,"href":"https:\/\/ugelchucuito.edu.pe\/portal\/wp-json\/wp\/v2\/categories?post=25019"},{"taxonomy":"post_tag","embeddable":true,"href":"https:\/\/ugelchucuito.edu.pe\/portal\/wp-json\/wp\/v2\/tags?post=25019"}],"curies":[{"name":"wp","href":"https:\/\/api.w.org\/{rel}","templated":true}]}}