{"id":25130,"date":"2024-08-21T12:34:23","date_gmt":"2024-08-21T17:34:23","guid":{"rendered":"https:\/\/ugelchucuito.edu.pe\/portal\/?p=25130"},"modified":"2024-08-21T12:34:23","modified_gmt":"2024-08-21T17:34:23","slug":"resultados-finales-de-evaluacion-de-expedientes-aptos-para-entrevista-personal-puesto-para-psicologo-cas-no-029","status":"publish","type":"post","link":"https:\/\/ugelchucuito.edu.pe\/portal\/2024\/08\/21\/resultados-finales-de-evaluacion-de-expedientes-aptos-para-entrevista-personal-puesto-para-psicologo-cas-no-029\/","title":{"rendered":"RESULTADOS FINALES DE EVALUACI\u00d3N DE EXPEDIENTES. APTOS PARA ENTREVISTA PERSONAL &#8211; PUESTO PARA PSIC\u00d3LOGO \u2013 CAS N\u00ba 029"},"content":{"rendered":"\n<div data-wp-interactive=\"core\/file\" class=\"wp-block-file\"><object data-wp-bind--hidden=\"!state.hasPdfPreview\" hidden class=\"wp-block-file__embed\" data=\"https:\/\/ugelchucuito.edu.pe\/portal\/wp-content\/uploads\/2024\/08\/RESULTADOS-FINALES-CAS-029-2024.pdf\" type=\"application\/pdf\" style=\"width:100%;height:600px\" aria-label=\"Incrustado de &lt;strong&gt;&lt;mark style=&quot;background-color:#ffffff&quot; class=&quot;has-inline-color has-vivid-cyan-blue-color&quot;&gt;- VER RESULTADOS&lt;\/mark&gt;&lt;\/strong&gt;.\"><\/object><a id=\"wp-block-file--media-ad998a8e-4e53-4a5a-92e5-d18559aeedc1\" href=\"https:\/\/ugelchucuito.edu.pe\/portal\/wp-content\/uploads\/2024\/08\/RESULTADOS-FINALES-CAS-029-2024.pdf\" target=\"_blank\" rel=\"noreferrer noopener\"><strong><mark style=\"background-color:#ffffff\" class=\"has-inline-color has-vivid-cyan-blue-color\">&#8211; VER RESULTADOS<\/mark><\/strong><\/a><a href=\"https:\/\/ugelchucuito.edu.pe\/portal\/wp-content\/uploads\/2024\/08\/RESULTADOS-FINALES-CAS-029-2024.pdf\" class=\"wp-block-file__button wp-element-button\" download aria-describedby=\"wp-block-file--media-ad998a8e-4e53-4a5a-92e5-d18559aeedc1\">Descarga<\/a><\/div>\n\n\n\n<p><strong><mark style=\"background-color:#ffffff\" class=\"has-inline-color has-vivid-red-color\">NOTA: La entrevista personal se realizar\u00e1 a partir de las 02:00 p. m. del d\u00eda mi\u00e9rcoles 21 de Agosto del 2024, en las instalaciones de la sede Administrativa de la UGEL Chucuito Juli, \u00c1rea de Gesti\u00f3n Pedag\u00f3gica (2do nivel)<\/mark><\/strong>.<\/p>\n","protected":false},"excerpt":{"rendered":"<p>NOTA: La entrevista personal se realizar\u00e1 a partir de las 02:00 p. m. del d\u00eda mi\u00e9rcoles 21 de Agosto del 2024, en las instalaciones de la sede Administrativa de la UGEL Chucuito Juli, \u00c1rea de Gesti\u00f3n Pedag\u00f3gica (2do nivel).<\/p>\n","protected":false},"author":1,"featured_media":0,"comment_status":"open","ping_status":"open","sticky":false,"template":"","format":"standard","meta":{"footnotes":""},"categories":[],"tags":[],"class_list":["post-25130","post","type-post","status-publish","format-standard","hentry"],"_links":{"self":[{"href":"https:\/\/ugelchucuito.edu.pe\/portal\/wp-json\/wp\/v2\/posts\/25130","targetHints":{"allow":["GET"]}}],"collection":[{"href":"https:\/\/ugelchucuito.edu.pe\/portal\/wp-json\/wp\/v2\/posts"}],"about":[{"href":"https:\/\/ugelchucuito.edu.pe\/portal\/wp-json\/wp\/v2\/types\/post"}],"author":[{"embeddable":true,"href":"https:\/\/ugelchucuito.edu.pe\/portal\/wp-json\/wp\/v2\/users\/1"}],"replies":[{"embeddable":true,"href":"https:\/\/ugelchucuito.edu.pe\/portal\/wp-json\/wp\/v2\/comments?post=25130"}],"version-history":[{"count":1,"href":"https:\/\/ugelchucuito.edu.pe\/portal\/wp-json\/wp\/v2\/posts\/25130\/revisions"}],"predecessor-version":[{"id":25133,"href":"https:\/\/ugelchucuito.edu.pe\/portal\/wp-json\/wp\/v2\/posts\/25130\/revisions\/25133"}],"wp:attachment":[{"href":"https:\/\/ugelchucuito.edu.pe\/portal\/wp-json\/wp\/v2\/media?parent=25130"}],"wp:term":[{"taxonomy":"category","embeddable":true,"href":"https:\/\/ugelchucuito.edu.pe\/portal\/wp-json\/wp\/v2\/categories?post=25130"},{"taxonomy":"post_tag","embeddable":true,"href":"https:\/\/ugelchucuito.edu.pe\/portal\/wp-json\/wp\/v2\/tags?post=25130"}],"curies":[{"name":"wp","href":"https:\/\/api.w.org\/{rel}","templated":true}]}}