{"id":25164,"date":"2024-08-27T08:37:40","date_gmt":"2024-08-27T13:37:40","guid":{"rendered":"https:\/\/ugelchucuito.edu.pe\/portal\/?p=25164"},"modified":"2024-08-27T10:52:55","modified_gmt":"2024-08-27T15:52:55","slug":"omisos-de-ii-ee-al-censo-educativo-2024-modulo-i-cedula-a-y-la-cedula-11","status":"publish","type":"post","link":"https:\/\/ugelchucuito.edu.pe\/portal\/2024\/08\/27\/omisos-de-ii-ee-al-censo-educativo-2024-modulo-i-cedula-a-y-la-cedula-11\/","title":{"rendered":"OMISOS DE II.EE. AL CENSO EDUCATIVO 2024 M\u00d3DULO I: C\u00c9DULA \u00abA\u00bb Y LA C\u00c9DULA \u00ab11\u00bb"},"content":{"rendered":"\n<div data-wp-interactive=\"core\/file\" class=\"wp-block-file\"><object data-wp-bind--hidden=\"!state.hasPdfPreview\" hidden class=\"wp-block-file__embed\" data=\"https:\/\/ugelchucuito.edu.pe\/portal\/wp-content\/uploads\/2024\/08\/OMISOS-CEDULA-MATRICULAS-A-CENSO-EDUCATIVO-26-08-2024.pdf\" type=\"application\/pdf\" style=\"width:100%;height:600px\" aria-label=\"Incrustado de &lt;strong&gt;&lt;mark style=&quot;background-color:#ffffff&quot; class=&quot;has-inline-color has-vivid-cyan-blue-color&quot;&gt;- VER REPORTE DE OMISOS A CEDULA MATR\u00cdCULAS &quot;A&quot; CENSO EDUCATIVO (26-08-2024)&lt;\/mark&gt;&lt;\/strong&gt;.\"><\/object><a id=\"wp-block-file--media-3a4e72c3-6559-49e7-b7f9-cff1dfae451e\" href=\"https:\/\/ugelchucuito.edu.pe\/portal\/wp-content\/uploads\/2024\/08\/OMISOS-CEDULA-MATRICULAS-A-CENSO-EDUCATIVO-26-08-2024.pdf\" target=\"_blank\" rel=\"noreferrer noopener\"><strong><mark style=\"background-color:#ffffff\" class=\"has-inline-color has-vivid-cyan-blue-color\">&#8211; VER REPORTE DE OMISOS A CEDULA MATR\u00cdCULAS \u00abA\u00bb CENSO EDUCATIVO (26-08-2024)<\/mark><\/strong><\/a><a href=\"https:\/\/ugelchucuito.edu.pe\/portal\/wp-content\/uploads\/2024\/08\/OMISOS-CEDULA-MATRICULAS-A-CENSO-EDUCATIVO-26-08-2024.pdf\" class=\"wp-block-file__button wp-element-button\" download aria-describedby=\"wp-block-file--media-3a4e72c3-6559-49e7-b7f9-cff1dfae451e\">Descarga<\/a><\/div>\n\n\n\n<div data-wp-interactive=\"core\/file\" class=\"wp-block-file\"><object data-wp-bind--hidden=\"!state.hasPdfPreview\" hidden class=\"wp-block-file__embed\" data=\"https:\/\/ugelchucuito.edu.pe\/portal\/wp-content\/uploads\/2024\/08\/OMISOS-CEDULAS-FUIE-CENSO-EDUCATIVO-2024-26-08-2024.pdf\" type=\"application\/pdf\" style=\"width:100%;height:600px\" aria-label=\"Incrustado de &lt;strong&gt;&lt;mark style=&quot;background-color:#ffffff&quot; class=&quot;has-inline-color has-vivid-cyan-blue-color&quot;&gt;- VER REPORTE DE OMISOS A CEDULAS FUIE &quot;11&quot; CENSO EDUCATIVO 2024 (26-08-2024)&lt;\/mark&gt;&lt;\/strong&gt;.\"><\/object><a id=\"wp-block-file--media-6106fee2-4054-4874-9e73-2f6963d2991e\" href=\"https:\/\/ugelchucuito.edu.pe\/portal\/wp-content\/uploads\/2024\/08\/OMISOS-CEDULAS-FUIE-CENSO-EDUCATIVO-2024-26-08-2024.pdf\" target=\"_blank\" rel=\"noreferrer noopener\"><strong><mark style=\"background-color:#ffffff\" class=\"has-inline-color has-vivid-cyan-blue-color\">&#8211; VER REPORTE DE OMISOS A CEDULAS FUIE \u00ab11\u00bb CENSO EDUCATIVO 2024 (26-08-2024)<\/mark><\/strong><\/a><a href=\"https:\/\/ugelchucuito.edu.pe\/portal\/wp-content\/uploads\/2024\/08\/OMISOS-CEDULAS-FUIE-CENSO-EDUCATIVO-2024-26-08-2024.pdf\" class=\"wp-block-file__button wp-element-button\" download aria-describedby=\"wp-block-file--media-6106fee2-4054-4874-9e73-2f6963d2991e\">Descarga<\/a><\/div>\n\n\n\n<p><strong><mark style=\"background-color:#ffffff\" class=\"has-inline-color has-vivid-red-color\">IMPORTANTE: LOS SE\u00d1ORES DIRECTORES CON CAR\u00c1CTER URGENTE DEBER\u00c1N REALIZAR SU ENV\u00cdO DE INFORMACI\u00d3N EN EL SISTEMA ESCALE EN EL D\u00cdA, CASO DE INCUMPLIMIENTO SER\u00c1N INFORMADOS A LA SUPERIORIDAD<\/mark><\/strong><\/p>\n","protected":false},"excerpt":{"rendered":"<p>IMPORTANTE: LOS SE\u00d1ORES DIRECTORES CON CAR\u00c1CTER URGENTE DEBER\u00c1N REALIZAR SU ENV\u00cdO DE INFORMACI\u00d3N EN EL SISTEMA ESCALE EN EL D\u00cdA, CASO DE INCUMPLIMIENTO SER\u00c1N INFORMADOS A LA SUPERIORIDAD<\/p>\n","protected":false},"author":1,"featured_media":0,"comment_status":"open","ping_status":"open","sticky":false,"template":"","format":"standard","meta":{"footnotes":""},"categories":[],"tags":[],"class_list":["post-25164","post","type-post","status-publish","format-standard","hentry"],"_links":{"self":[{"href":"https:\/\/ugelchucuito.edu.pe\/portal\/wp-json\/wp\/v2\/posts\/25164","targetHints":{"allow":["GET"]}}],"collection":[{"href":"https:\/\/ugelchucuito.edu.pe\/portal\/wp-json\/wp\/v2\/posts"}],"about":[{"href":"https:\/\/ugelchucuito.edu.pe\/portal\/wp-json\/wp\/v2\/types\/post"}],"author":[{"embeddable":true,"href":"https:\/\/ugelchucuito.edu.pe\/portal\/wp-json\/wp\/v2\/users\/1"}],"replies":[{"embeddable":true,"href":"https:\/\/ugelchucuito.edu.pe\/portal\/wp-json\/wp\/v2\/comments?post=25164"}],"version-history":[{"count":1,"href":"https:\/\/ugelchucuito.edu.pe\/portal\/wp-json\/wp\/v2\/posts\/25164\/revisions"}],"predecessor-version":[{"id":25170,"href":"https:\/\/ugelchucuito.edu.pe\/portal\/wp-json\/wp\/v2\/posts\/25164\/revisions\/25170"}],"wp:attachment":[{"href":"https:\/\/ugelchucuito.edu.pe\/portal\/wp-json\/wp\/v2\/media?parent=25164"}],"wp:term":[{"taxonomy":"category","embeddable":true,"href":"https:\/\/ugelchucuito.edu.pe\/portal\/wp-json\/wp\/v2\/categories?post=25164"},{"taxonomy":"post_tag","embeddable":true,"href":"https:\/\/ugelchucuito.edu.pe\/portal\/wp-json\/wp\/v2\/tags?post=25164"}],"curies":[{"name":"wp","href":"https:\/\/api.w.org\/{rel}","templated":true}]}}