{"id":25399,"date":"2024-09-10T16:56:25","date_gmt":"2024-09-10T21:56:25","guid":{"rendered":"https:\/\/ugelchucuito.edu.pe\/portal\/?p=25399"},"modified":"2024-09-10T17:00:41","modified_gmt":"2024-09-10T22:00:41","slug":"festival-de-estrategias-y-metodologia-ludica-en-matematica","status":"publish","type":"post","link":"https:\/\/ugelchucuito.edu.pe\/portal\/2024\/09\/10\/festival-de-estrategias-y-metodologia-ludica-en-matematica\/","title":{"rendered":"VIERNES 13 DE SETIEMBRE &#8211; FESTIVAL DE ESTRATEGIAS Y METODOLOG\u00cdA L\u00daDICA EN MATEM\u00c1TICA"},"content":{"rendered":"\n<p>Compa\u00f1eros buenas tardes, este viernes 13 \ud83e\udddb tendremos un festival de estrategias y metodolog\u00eda l\u00fadica en matem\u00e1tica, para ello quedan cordialmente invitados, iniciaremos a partir de las 9:00 am hasta las \u00faltimas consecuencias. <\/p>\n\n\n\n<p>De pronto indicarles que deber\u00e1n traer un ajedrez, escalimetro, wincha de lona, Vernier, l\u00e1piz, laptop y muchas ganas de aprender y aportar. Tu presencia siempre es especial, esperada y valorada, ah\u00ed nos reencontramos. Abrazos amigos y amigas. \ud83d\udcdf\ud83e\uddf8\ud83d\udd58\ud83d\uddd3\ufe0f1\ufe0f\u20e3<\/p>\n\n\n\n<div data-wp-interactive=\"core\/file\" class=\"wp-block-file\"><object data-wp-bind--hidden=\"!state.hasPdfPreview\" hidden class=\"wp-block-file__embed\" data=\"https:\/\/ugelchucuito.edu.pe\/portal\/wp-content\/uploads\/2024\/09\/OFICIO-DE-CONVOCATORIA.pdf\" type=\"application\/pdf\" style=\"width:100%;height:600px\" aria-label=\"Incrustado de OFICIO-DE-CONVOCATORIA.\"><\/object><a id=\"wp-block-file--media-7b1605f5-953f-4d10-bad5-eec776225c3f\" href=\"https:\/\/ugelchucuito.edu.pe\/portal\/wp-content\/uploads\/2024\/09\/OFICIO-DE-CONVOCATORIA.pdf\">OFICIO-DE-CONVOCATORIA<\/a><a href=\"https:\/\/ugelchucuito.edu.pe\/portal\/wp-content\/uploads\/2024\/09\/OFICIO-DE-CONVOCATORIA.pdf\" class=\"wp-block-file__button wp-element-button\" download aria-describedby=\"wp-block-file--media-7b1605f5-953f-4d10-bad5-eec776225c3f\">Descarga<\/a><\/div>\n","protected":false},"excerpt":{"rendered":"<p>Compa\u00f1eros buenas tardes, este viernes 13 \ud83e\udddb tendremos un festival de estrategias y metodolog\u00eda l\u00fadica en matem\u00e1tica, para ello quedan cordialmente invitados, iniciaremos a partir de las 9:00 am hasta las \u00faltimas consecuencias. De pronto indicarles que deber\u00e1n traer un ajedrez, escalimetro, wincha de lona, Vernier, l\u00e1piz, laptop y muchas ganas de aprender y aportar. [&hellip;]<\/p>\n","protected":false},"author":2,"featured_media":0,"comment_status":"open","ping_status":"open","sticky":false,"template":"","format":"standard","meta":{"footnotes":""},"categories":[],"tags":[],"class_list":["post-25399","post","type-post","status-publish","format-standard","hentry"],"_links":{"self":[{"href":"https:\/\/ugelchucuito.edu.pe\/portal\/wp-json\/wp\/v2\/posts\/25399","targetHints":{"allow":["GET"]}}],"collection":[{"href":"https:\/\/ugelchucuito.edu.pe\/portal\/wp-json\/wp\/v2\/posts"}],"about":[{"href":"https:\/\/ugelchucuito.edu.pe\/portal\/wp-json\/wp\/v2\/types\/post"}],"author":[{"embeddable":true,"href":"https:\/\/ugelchucuito.edu.pe\/portal\/wp-json\/wp\/v2\/users\/2"}],"replies":[{"embeddable":true,"href":"https:\/\/ugelchucuito.edu.pe\/portal\/wp-json\/wp\/v2\/comments?post=25399"}],"version-history":[{"count":2,"href":"https:\/\/ugelchucuito.edu.pe\/portal\/wp-json\/wp\/v2\/posts\/25399\/revisions"}],"predecessor-version":[{"id":25406,"href":"https:\/\/ugelchucuito.edu.pe\/portal\/wp-json\/wp\/v2\/posts\/25399\/revisions\/25406"}],"wp:attachment":[{"href":"https:\/\/ugelchucuito.edu.pe\/portal\/wp-json\/wp\/v2\/media?parent=25399"}],"wp:term":[{"taxonomy":"category","embeddable":true,"href":"https:\/\/ugelchucuito.edu.pe\/portal\/wp-json\/wp\/v2\/categories?post=25399"},{"taxonomy":"post_tag","embeddable":true,"href":"https:\/\/ugelchucuito.edu.pe\/portal\/wp-json\/wp\/v2\/tags?post=25399"}],"curies":[{"name":"wp","href":"https:\/\/api.w.org\/{rel}","templated":true}]}}