{"id":25480,"date":"2024-09-24T12:11:41","date_gmt":"2024-09-24T17:11:41","guid":{"rendered":"https:\/\/ugelchucuito.edu.pe\/portal\/?p=25480"},"modified":"2024-09-30T15:05:28","modified_gmt":"2024-09-30T20:05:28","slug":"convocatoria-al-taller-presencial-fortalecimiento-de-capacidades-pedagogicas-en-el-area-de-matematica-docentes-de-4to-grado-de-primaria","status":"publish","type":"post","link":"https:\/\/ugelchucuito.edu.pe\/portal\/2024\/09\/24\/convocatoria-al-taller-presencial-fortalecimiento-de-capacidades-pedagogicas-en-el-area-de-matematica-docentes-de-4to-grado-de-primaria\/","title":{"rendered":"CONVOCATORIA AL TALLER PRESENCIAL: \u00abFORTALECIMIENTO DE CAPACIDADES PEDAG\u00d3GICAS EN EL \u00c1REA DE MATEM\u00c1TICA\u00bb DOCENTES DE 4TO GRADO DE PRIMARIA"},"content":{"rendered":"\n<div data-wp-interactive=\"core\/file\" class=\"wp-block-file\"><object data-wp-bind--hidden=\"!state.hasPdfPreview\" hidden class=\"wp-block-file__embed\" data=\"https:\/\/ugelchucuito.edu.pe\/portal\/wp-content\/uploads\/2024\/09\/OFICIO-convocatoria-Taller-de-capacitacion-Fortalecimiento-de-capacidades-pedagogicas-mDoentes-de-4to-grado-1.pdf\" type=\"application\/pdf\" style=\"width:100%;height:600px\" aria-label=\"Incrustado de &lt;strong&gt;&lt;mark style=&quot;background-color:#ffffff&quot; class=&quot;has-inline-color has-vivid-cyan-blue-color&quot;&gt;- VER OFICIO M\u00daLTIPLE N\u00b0 172-2024-ME-DREP-DUGEL-CH-AGP-EP&lt;\/mark&gt;&lt;\/strong&gt;.\"><\/object><a id=\"wp-block-file--media-c4140741-c8c2-4681-a6fe-47cb1ee2835f\" href=\"https:\/\/ugelchucuito.edu.pe\/portal\/wp-content\/uploads\/2024\/09\/OFICIO-convocatoria-Taller-de-capacitacion-Fortalecimiento-de-capacidades-pedagogicas-mDoentes-de-4to-grado-1.pdf\" target=\"_blank\" rel=\"noreferrer noopener\"><strong><mark style=\"background-color:#ffffff\" class=\"has-inline-color has-vivid-cyan-blue-color\">&#8211; VER OFICIO M\u00daLTIPLE N\u00b0 172-2024-ME-DREP-DUGEL-CH-AGP-EP<\/mark><\/strong><\/a><a href=\"https:\/\/ugelchucuito.edu.pe\/portal\/wp-content\/uploads\/2024\/09\/OFICIO-convocatoria-Taller-de-capacitacion-Fortalecimiento-de-capacidades-pedagogicas-mDoentes-de-4to-grado-1.pdf\" class=\"wp-block-file__button wp-element-button\" download aria-describedby=\"wp-block-file--media-c4140741-c8c2-4681-a6fe-47cb1ee2835f\">Descarga<\/a><\/div>\n","protected":false},"excerpt":{"rendered":"","protected":false},"author":3,"featured_media":0,"comment_status":"open","ping_status":"open","sticky":false,"template":"","format":"standard","meta":{"footnotes":""},"categories":[],"tags":[],"class_list":["post-25480","post","type-post","status-publish","format-standard","hentry"],"_links":{"self":[{"href":"https:\/\/ugelchucuito.edu.pe\/portal\/wp-json\/wp\/v2\/posts\/25480","targetHints":{"allow":["GET"]}}],"collection":[{"href":"https:\/\/ugelchucuito.edu.pe\/portal\/wp-json\/wp\/v2\/posts"}],"about":[{"href":"https:\/\/ugelchucuito.edu.pe\/portal\/wp-json\/wp\/v2\/types\/post"}],"author":[{"embeddable":true,"href":"https:\/\/ugelchucuito.edu.pe\/portal\/wp-json\/wp\/v2\/users\/3"}],"replies":[{"embeddable":true,"href":"https:\/\/ugelchucuito.edu.pe\/portal\/wp-json\/wp\/v2\/comments?post=25480"}],"version-history":[{"count":3,"href":"https:\/\/ugelchucuito.edu.pe\/portal\/wp-json\/wp\/v2\/posts\/25480\/revisions"}],"predecessor-version":[{"id":25527,"href":"https:\/\/ugelchucuito.edu.pe\/portal\/wp-json\/wp\/v2\/posts\/25480\/revisions\/25527"}],"wp:attachment":[{"href":"https:\/\/ugelchucuito.edu.pe\/portal\/wp-json\/wp\/v2\/media?parent=25480"}],"wp:term":[{"taxonomy":"category","embeddable":true,"href":"https:\/\/ugelchucuito.edu.pe\/portal\/wp-json\/wp\/v2\/categories?post=25480"},{"taxonomy":"post_tag","embeddable":true,"href":"https:\/\/ugelchucuito.edu.pe\/portal\/wp-json\/wp\/v2\/tags?post=25480"}],"curies":[{"name":"wp","href":"https:\/\/api.w.org\/{rel}","templated":true}]}}