{"id":25492,"date":"2024-09-25T13:40:04","date_gmt":"2024-09-25T18:40:04","guid":{"rendered":"https:\/\/ugelchucuito.edu.pe\/portal\/?p=25492"},"modified":"2024-09-25T16:11:33","modified_gmt":"2024-09-25T21:11:33","slug":"concurso-de-argumentacion-y-debate","status":"publish","type":"post","link":"https:\/\/ugelchucuito.edu.pe\/portal\/2024\/09\/25\/concurso-de-argumentacion-y-debate\/","title":{"rendered":"CONCURSO DE ARGUMENTACI\u00d3N Y DEBATE"},"content":{"rendered":"\n<p>La UGEL Chucuito invita a todas las IES a participar en EL CONCURSO DE ARGUMENTACI\u00d3N Y DEBATE \u201cOPORTUNIDADES Y AMENAZAS DE LAS REDES SOCIALES EN LA JUVENTUD\u201d, el mismo que busca promover en los estudiantes el desarrollo de las competencias comunicativas de expresi\u00f3n y comprensi\u00f3n oral y el pensamiento cr\u00edtico mediante la participaci\u00f3n, argumentaci\u00f3n y debate.<\/p>\n\n\n\n<div data-wp-interactive=\"core\/file\" class=\"wp-block-file\"><object data-wp-bind--hidden=\"!state.hasPdfPreview\" hidden class=\"wp-block-file__embed\" data=\"https:\/\/ugelchucuito.edu.pe\/portal\/wp-content\/uploads\/2024\/09\/BASES-CONC-ARG-Y-DEBATE-2024-2.pdf\" type=\"application\/pdf\" style=\"width:100%;height:600px\" aria-label=\"Incrustado de BASES-CONC-ARG-Y-DEBATE-2024-2.\"><\/object><a id=\"wp-block-file--media-d0fa587b-2000-476c-8cad-9dfe9bb0a660\" href=\"https:\/\/ugelchucuito.edu.pe\/portal\/wp-content\/uploads\/2024\/09\/BASES-CONC-ARG-Y-DEBATE-2024-2.pdf\">BASES-CONC-ARG-Y-DEBATE-2024-2<\/a><a href=\"https:\/\/ugelchucuito.edu.pe\/portal\/wp-content\/uploads\/2024\/09\/BASES-CONC-ARG-Y-DEBATE-2024-2.pdf\" class=\"wp-block-file__button wp-element-button\" download aria-describedby=\"wp-block-file--media-d0fa587b-2000-476c-8cad-9dfe9bb0a660\">Descarga<\/a><\/div>\n","protected":false},"excerpt":{"rendered":"<p>La UGEL Chucuito invita a todas las IES a participar en EL CONCURSO DE ARGUMENTACI\u00d3N Y DEBATE \u201cOPORTUNIDADES Y AMENAZAS DE LAS REDES SOCIALES EN LA JUVENTUD\u201d, el mismo que busca promover en los estudiantes el desarrollo de las competencias comunicativas de expresi\u00f3n y comprensi\u00f3n oral y el pensamiento cr\u00edtico mediante la participaci\u00f3n, argumentaci\u00f3n y [&hellip;]<\/p>\n","protected":false},"author":2,"featured_media":0,"comment_status":"open","ping_status":"open","sticky":false,"template":"","format":"standard","meta":{"footnotes":""},"categories":[],"tags":[],"class_list":["post-25492","post","type-post","status-publish","format-standard","hentry"],"_links":{"self":[{"href":"https:\/\/ugelchucuito.edu.pe\/portal\/wp-json\/wp\/v2\/posts\/25492","targetHints":{"allow":["GET"]}}],"collection":[{"href":"https:\/\/ugelchucuito.edu.pe\/portal\/wp-json\/wp\/v2\/posts"}],"about":[{"href":"https:\/\/ugelchucuito.edu.pe\/portal\/wp-json\/wp\/v2\/types\/post"}],"author":[{"embeddable":true,"href":"https:\/\/ugelchucuito.edu.pe\/portal\/wp-json\/wp\/v2\/users\/2"}],"replies":[{"embeddable":true,"href":"https:\/\/ugelchucuito.edu.pe\/portal\/wp-json\/wp\/v2\/comments?post=25492"}],"version-history":[{"count":3,"href":"https:\/\/ugelchucuito.edu.pe\/portal\/wp-json\/wp\/v2\/posts\/25492\/revisions"}],"predecessor-version":[{"id":25505,"href":"https:\/\/ugelchucuito.edu.pe\/portal\/wp-json\/wp\/v2\/posts\/25492\/revisions\/25505"}],"wp:attachment":[{"href":"https:\/\/ugelchucuito.edu.pe\/portal\/wp-json\/wp\/v2\/media?parent=25492"}],"wp:term":[{"taxonomy":"category","embeddable":true,"href":"https:\/\/ugelchucuito.edu.pe\/portal\/wp-json\/wp\/v2\/categories?post=25492"},{"taxonomy":"post_tag","embeddable":true,"href":"https:\/\/ugelchucuito.edu.pe\/portal\/wp-json\/wp\/v2\/tags?post=25492"}],"curies":[{"name":"wp","href":"https:\/\/api.w.org\/{rel}","templated":true}]}}