{"id":26051,"date":"2024-11-13T11:49:34","date_gmt":"2024-11-13T16:49:34","guid":{"rendered":"https:\/\/ugelchucuito.edu.pe\/portal\/?p=26051"},"modified":"2024-11-14T09:41:31","modified_gmt":"2024-11-14T14:41:31","slug":"lunes-18-de-noviembre-asistencia-tecnica-sobre-el-cuadro-de-distribucion-de-horas-pedagogicas","status":"publish","type":"post","link":"https:\/\/ugelchucuito.edu.pe\/portal\/2024\/11\/13\/lunes-18-de-noviembre-asistencia-tecnica-sobre-el-cuadro-de-distribucion-de-horas-pedagogicas\/","title":{"rendered":"Lunes 18 de noviembre: Asistencia T\u00e9cnica sobre el cuadro de distribuci\u00f3n de horas pedag\u00f3gicas"},"content":{"rendered":"\n<p>Apreciados Directores del Nivel Secundaria y CEBA Avanzado, previo saludo por la presente<a> se les convoca a la <\/a>asistencia t\u00e9cnica sobre el cuadro de distribuci\u00f3n de horas pedag\u00f3gicas, para el nivel secundaria y CEBA avanzado con el siguiente detalle:<\/p>\n\n\n\n<p>Lugar&nbsp;&nbsp;&nbsp;&nbsp;&nbsp;&nbsp;&nbsp;&nbsp;&nbsp;&nbsp;&nbsp;&nbsp;&nbsp; : Auditorio de la UGEL Chucuito.<\/p>\n\n\n\n<p>Fecha&nbsp;&nbsp;&nbsp;&nbsp;&nbsp;&nbsp;&nbsp;&nbsp;&nbsp;&nbsp;&nbsp;&nbsp;&nbsp; : lunes 18 de noviembre de 2024.<\/p>\n\n\n\n<p>Hora&nbsp;&nbsp;&nbsp;&nbsp;&nbsp;&nbsp;&nbsp;&nbsp;&nbsp;&nbsp;&nbsp;&nbsp;&nbsp;&nbsp;&nbsp; : de 9:00 am a 11:00 am<\/p>\n\n\n\n<p>Participan\u00a0\u00a0\u00a0\u00a0\u00a0\u00a0\u00a0 : directores de IES y CEBA, obligatoriamente, en caso de ser necesario pueden ser <br>                          acompa\u00f1ados por uno de los miembro del Comit\u00e9 del Cuadro de Distribuci\u00f3n de Horas <br>                          Pedag\u00f3gicas.<\/p>\n\n\n\n<div data-wp-interactive=\"core\/file\" class=\"wp-block-file\"><object data-wp-bind--hidden=\"!state.hasPdfPreview\" hidden class=\"wp-block-file__embed\" data=\"https:\/\/ugelchucuito.edu.pe\/portal\/wp-content\/uploads\/2024\/11\/AT-directores-para-el-CDHP.pdf\" type=\"application\/pdf\" style=\"width:100%;height:600px\" aria-label=\"Incrustado de Oficio AT directores para el CDHP.\"><\/object><a id=\"wp-block-file--media-bfbffcfa-0bc7-4960-89f6-42dcd0f02c7c\" href=\"https:\/\/ugelchucuito.edu.pe\/portal\/wp-content\/uploads\/2024\/11\/AT-directores-para-el-CDHP.pdf\">Oficio AT directores para el CDHP<\/a><a href=\"https:\/\/ugelchucuito.edu.pe\/portal\/wp-content\/uploads\/2024\/11\/AT-directores-para-el-CDHP.pdf\" class=\"wp-block-file__button wp-element-button\" download aria-describedby=\"wp-block-file--media-bfbffcfa-0bc7-4960-89f6-42dcd0f02c7c\">Descarga<\/a><\/div>\n\n\n\n<div data-wp-interactive=\"core\/file\" class=\"wp-block-file\"><object data-wp-bind--hidden=\"!state.hasPdfPreview\" hidden class=\"wp-block-file__embed\" data=\"https:\/\/ugelchucuito.edu.pe\/portal\/wp-content\/uploads\/2024\/11\/Cronograma-Form-Revi-Aprob_CDHP-2025.pdf\" type=\"application\/pdf\" style=\"width:100%;height:600px\" aria-label=\"Incrustado de Cronograma-Form-Revi-Aprob_CDHP-2025.\"><\/object><a id=\"wp-block-file--media-07c8b571-9c6e-4efe-8d75-f07396225d2e\" href=\"https:\/\/ugelchucuito.edu.pe\/portal\/wp-content\/uploads\/2024\/11\/Cronograma-Form-Revi-Aprob_CDHP-2025.pdf\">Cronograma-Form-Revi-Aprob_CDHP-2025<\/a><a href=\"https:\/\/ugelchucuito.edu.pe\/portal\/wp-content\/uploads\/2024\/11\/Cronograma-Form-Revi-Aprob_CDHP-2025.pdf\" class=\"wp-block-file__button wp-element-button\" download aria-describedby=\"wp-block-file--media-07c8b571-9c6e-4efe-8d75-f07396225d2e\">Descarga<\/a><\/div>\n\n\n\n<div data-wp-interactive=\"core\/file\" class=\"wp-block-file\"><object data-wp-bind--hidden=\"!state.hasPdfPreview\" hidden class=\"wp-block-file__embed\" data=\"https:\/\/ugelchucuito.edu.pe\/portal\/wp-content\/uploads\/2024\/11\/1.RVM-N\u00b0148-2023-MINEDU.pdf\" type=\"application\/pdf\" style=\"width:100%;height:600px\" aria-label=\"Incrustado de 1.RVM-N\u00b0148-2023-MINEDU.\"><\/object><a id=\"wp-block-file--media-2666af7c-1e9c-42c3-be4d-d2a341b818fa\" href=\"https:\/\/ugelchucuito.edu.pe\/portal\/wp-content\/uploads\/2024\/11\/1.RVM-N\u00b0148-2023-MINEDU.pdf\">1.RVM-N\u00b0148-2023-MINEDU<\/a><a href=\"https:\/\/ugelchucuito.edu.pe\/portal\/wp-content\/uploads\/2024\/11\/1.RVM-N\u00b0148-2023-MINEDU.pdf\" class=\"wp-block-file__button wp-element-button\" download aria-describedby=\"wp-block-file--media-2666af7c-1e9c-42c3-be4d-d2a341b818fa\">Descarga<\/a><\/div>\n","protected":false},"excerpt":{"rendered":"<p>Apreciados Directores del Nivel Secundaria y CEBA Avanzado, previo saludo por la presente se les convoca a la asistencia t\u00e9cnica sobre el cuadro de distribuci\u00f3n de horas pedag\u00f3gicas, para el nivel secundaria y CEBA avanzado con el siguiente detalle: Lugar&nbsp;&nbsp;&nbsp;&nbsp;&nbsp;&nbsp;&nbsp;&nbsp;&nbsp;&nbsp;&nbsp;&nbsp;&nbsp; : Auditorio de la UGEL Chucuito. Fecha&nbsp;&nbsp;&nbsp;&nbsp;&nbsp;&nbsp;&nbsp;&nbsp;&nbsp;&nbsp;&nbsp;&nbsp;&nbsp; : lunes 18 de noviembre de 2024. Hora&nbsp;&nbsp;&nbsp;&nbsp;&nbsp;&nbsp;&nbsp;&nbsp;&nbsp;&nbsp;&nbsp;&nbsp;&nbsp;&nbsp;&nbsp; [&hellip;]<\/p>\n","protected":false},"author":2,"featured_media":0,"comment_status":"open","ping_status":"open","sticky":false,"template":"","format":"standard","meta":{"footnotes":""},"categories":[],"tags":[],"class_list":["post-26051","post","type-post","status-publish","format-standard","hentry"],"_links":{"self":[{"href":"https:\/\/ugelchucuito.edu.pe\/portal\/wp-json\/wp\/v2\/posts\/26051","targetHints":{"allow":["GET"]}}],"collection":[{"href":"https:\/\/ugelchucuito.edu.pe\/portal\/wp-json\/wp\/v2\/posts"}],"about":[{"href":"https:\/\/ugelchucuito.edu.pe\/portal\/wp-json\/wp\/v2\/types\/post"}],"author":[{"embeddable":true,"href":"https:\/\/ugelchucuito.edu.pe\/portal\/wp-json\/wp\/v2\/users\/2"}],"replies":[{"embeddable":true,"href":"https:\/\/ugelchucuito.edu.pe\/portal\/wp-json\/wp\/v2\/comments?post=26051"}],"version-history":[{"count":3,"href":"https:\/\/ugelchucuito.edu.pe\/portal\/wp-json\/wp\/v2\/posts\/26051\/revisions"}],"predecessor-version":[{"id":26070,"href":"https:\/\/ugelchucuito.edu.pe\/portal\/wp-json\/wp\/v2\/posts\/26051\/revisions\/26070"}],"wp:attachment":[{"href":"https:\/\/ugelchucuito.edu.pe\/portal\/wp-json\/wp\/v2\/media?parent=26051"}],"wp:term":[{"taxonomy":"category","embeddable":true,"href":"https:\/\/ugelchucuito.edu.pe\/portal\/wp-json\/wp\/v2\/categories?post=26051"},{"taxonomy":"post_tag","embeddable":true,"href":"https:\/\/ugelchucuito.edu.pe\/portal\/wp-json\/wp\/v2\/tags?post=26051"}],"curies":[{"name":"wp","href":"https:\/\/api.w.org\/{rel}","templated":true}]}}