{"id":26295,"date":"2024-12-21T10:07:48","date_gmt":"2024-12-21T15:07:48","guid":{"rendered":"https:\/\/ugelchucuito.edu.pe\/portal\/?p=26295"},"modified":"2024-12-21T10:07:49","modified_gmt":"2024-12-21T15:07:49","slug":"adjudicacion-de-plazas-directivos-segun-cuadro-de-merito-ii-etapa-regular-en-merito-a-la-rvm-nro-147-2023-minedu","status":"publish","type":"post","link":"https:\/\/ugelchucuito.edu.pe\/portal\/2024\/12\/21\/adjudicacion-de-plazas-directivos-segun-cuadro-de-merito-ii-etapa-regular-en-merito-a-la-rvm-nro-147-2023-minedu\/","title":{"rendered":"Adjudicaci\u00f3n de plazas directivos seg\u00fan cuadro de m\u00e9rito II etapa regular. En m\u00e9rito a la RVM Nro\u00a0147-2023-MINEDU"},"content":{"rendered":"\n<div data-wp-interactive=\"core\/file\" class=\"wp-block-file\"><object data-wp-bind--hidden=\"!state.hasPdfPreview\" hidden class=\"wp-block-file__embed\" data=\"https:\/\/ugelchucuito.edu.pe\/portal\/wp-content\/uploads\/2024\/12\/PLAZAS-ENCARGATURA-DE-DIRECTIVOS-2024.pdf\" type=\"application\/pdf\" style=\"width:100%;height:600px\" aria-label=\"Incrustado de &lt;strong&gt;&lt;mark style=&quot;background-color:#ffffff&quot; class=&quot;has-inline-color has-vivid-cyan-blue-color&quot;&gt;- VER REPORTE DE PLAZAS VACANTES&lt;\/mark&gt;&lt;\/strong&gt;.\"><\/object><a id=\"wp-block-file--media-45762c05-a765-48cc-8ffe-b2b236f5c1db\" href=\"https:\/\/ugelchucuito.edu.pe\/portal\/wp-content\/uploads\/2024\/12\/PLAZAS-ENCARGATURA-DE-DIRECTIVOS-2024.pdf\" target=\"_blank\" rel=\"noreferrer noopener\"><strong><mark style=\"background-color:#ffffff\" class=\"has-inline-color has-vivid-cyan-blue-color\">&#8211; VER REPORTE DE PLAZAS VACANTES<\/mark><\/strong><\/a><a href=\"https:\/\/ugelchucuito.edu.pe\/portal\/wp-content\/uploads\/2024\/12\/PLAZAS-ENCARGATURA-DE-DIRECTIVOS-2024.pdf\" class=\"wp-block-file__button wp-element-button\" download aria-describedby=\"wp-block-file--media-45762c05-a765-48cc-8ffe-b2b236f5c1db\">Descarga<\/a><\/div>\n\n\n\n<p><strong><mark style=\"background-color:#ffffff\" class=\"has-inline-color has-vivid-red-color\">Lugar: Sede Administrativa de la UGEL Chucuito Juli<br>D\u00eda: Jueves 26 de Diciembre de 2024<br>Hora: 03:00 p. m.<br>Nota: La adjudicaci\u00f3n se realizar\u00e1 seg\u00fan cuadro de m\u00e9ritos.<\/mark><\/strong><\/p>\n","protected":false},"excerpt":{"rendered":"<p>Lugar: Sede Administrativa de la UGEL Chucuito JuliD\u00eda: Jueves 26 de Diciembre de 2024Hora: 03:00 p. m.Nota: La adjudicaci\u00f3n se realizar\u00e1 seg\u00fan cuadro de m\u00e9ritos.<\/p>\n","protected":false},"author":3,"featured_media":0,"comment_status":"open","ping_status":"open","sticky":false,"template":"","format":"standard","meta":{"footnotes":""},"categories":[],"tags":[],"class_list":["post-26295","post","type-post","status-publish","format-standard","hentry"],"_links":{"self":[{"href":"https:\/\/ugelchucuito.edu.pe\/portal\/wp-json\/wp\/v2\/posts\/26295","targetHints":{"allow":["GET"]}}],"collection":[{"href":"https:\/\/ugelchucuito.edu.pe\/portal\/wp-json\/wp\/v2\/posts"}],"about":[{"href":"https:\/\/ugelchucuito.edu.pe\/portal\/wp-json\/wp\/v2\/types\/post"}],"author":[{"embeddable":true,"href":"https:\/\/ugelchucuito.edu.pe\/portal\/wp-json\/wp\/v2\/users\/3"}],"replies":[{"embeddable":true,"href":"https:\/\/ugelchucuito.edu.pe\/portal\/wp-json\/wp\/v2\/comments?post=26295"}],"version-history":[{"count":1,"href":"https:\/\/ugelchucuito.edu.pe\/portal\/wp-json\/wp\/v2\/posts\/26295\/revisions"}],"predecessor-version":[{"id":26297,"href":"https:\/\/ugelchucuito.edu.pe\/portal\/wp-json\/wp\/v2\/posts\/26295\/revisions\/26297"}],"wp:attachment":[{"href":"https:\/\/ugelchucuito.edu.pe\/portal\/wp-json\/wp\/v2\/media?parent=26295"}],"wp:term":[{"taxonomy":"category","embeddable":true,"href":"https:\/\/ugelchucuito.edu.pe\/portal\/wp-json\/wp\/v2\/categories?post=26295"},{"taxonomy":"post_tag","embeddable":true,"href":"https:\/\/ugelchucuito.edu.pe\/portal\/wp-json\/wp\/v2\/tags?post=26295"}],"curies":[{"name":"wp","href":"https:\/\/api.w.org\/{rel}","templated":true}]}}