{"id":26387,"date":"2025-01-09T11:36:14","date_gmt":"2025-01-09T16:36:14","guid":{"rendered":"https:\/\/ugelchucuito.edu.pe\/portal\/?p=26387"},"modified":"2025-01-09T11:38:42","modified_gmt":"2025-01-09T16:38:42","slug":"lunes-13-de-enero-asistencia-tecnica-a-directores-de-las-instituciones-educativas-primarias-polidocente","status":"publish","type":"post","link":"https:\/\/ugelchucuito.edu.pe\/portal\/2025\/01\/09\/lunes-13-de-enero-asistencia-tecnica-a-directores-de-las-instituciones-educativas-primarias-polidocente\/","title":{"rendered":"Lunes 13 de enero: Asistencia T\u00e9cnica a Directores de las\u00a0 Instituciones Educativas Primarias Polidocente."},"content":{"rendered":"\n<p>Convocatoria a la I Asistencia T\u00e9cnica dirigida a directores y subdirectores de las Instituciones Educativas Primarias de nuestro \u00e1mbito, por lo que, se convoca a Ud. a la actividad en menci\u00f3n, con car\u00e1cter obligatorio, conforme al siguiente detalle:<\/p>\n\n\n\n<ul class=\"wp-block-list\">\n<li><a>Lugar: auditorio de la UGEL Chucuito.<\/a><\/li>\n\n\n\n<li>Fecha: lunes 13 de enero de 2025.<\/li>\n\n\n\n<li>Hora: 8:00 am (hora exacta).<\/li>\n<\/ul>\n\n\n\n<p>Sin otro particular hago propicia la oportunidad para testimoniarle las consideraciones m\u00e1s distinguidas de nuestra estima personal.<\/p>\n\n\n\n<div data-wp-interactive=\"core\/file\" class=\"wp-block-file\"><object data-wp-bind--hidden=\"!state.hasPdfPreview\" hidden class=\"wp-block-file__embed\" data=\"https:\/\/ugelchucuito.edu.pe\/portal\/wp-content\/uploads\/2025\/01\/Oficio-AT-2025-Primaria.pdf\" type=\"application\/pdf\" style=\"width:100%;height:600px\" aria-label=\"Incrustado de Oficio AT 2025 Primaria.\"><\/object><a id=\"wp-block-file--media-dd8616d3-1aba-4134-9195-6f832edfc4ab\" href=\"https:\/\/ugelchucuito.edu.pe\/portal\/wp-content\/uploads\/2025\/01\/Oficio-AT-2025-Primaria.pdf\">Oficio AT 2025 Primaria<\/a><a href=\"https:\/\/ugelchucuito.edu.pe\/portal\/wp-content\/uploads\/2025\/01\/Oficio-AT-2025-Primaria.pdf\" class=\"wp-block-file__button wp-element-button\" download aria-describedby=\"wp-block-file--media-dd8616d3-1aba-4134-9195-6f832edfc4ab\">Descarga<\/a><\/div>\n","protected":false},"excerpt":{"rendered":"<p>Convocatoria a la I Asistencia T\u00e9cnica dirigida a directores y subdirectores de las Instituciones Educativas Primarias de nuestro \u00e1mbito, por lo que, se convoca a Ud. a la actividad en menci\u00f3n, con car\u00e1cter obligatorio, conforme al siguiente detalle: Sin otro particular hago propicia la oportunidad para testimoniarle las consideraciones m\u00e1s distinguidas de nuestra estima personal.<\/p>\n","protected":false},"author":2,"featured_media":0,"comment_status":"open","ping_status":"open","sticky":false,"template":"","format":"standard","meta":{"footnotes":""},"categories":[],"tags":[],"class_list":["post-26387","post","type-post","status-publish","format-standard","hentry"],"_links":{"self":[{"href":"https:\/\/ugelchucuito.edu.pe\/portal\/wp-json\/wp\/v2\/posts\/26387","targetHints":{"allow":["GET"]}}],"collection":[{"href":"https:\/\/ugelchucuito.edu.pe\/portal\/wp-json\/wp\/v2\/posts"}],"about":[{"href":"https:\/\/ugelchucuito.edu.pe\/portal\/wp-json\/wp\/v2\/types\/post"}],"author":[{"embeddable":true,"href":"https:\/\/ugelchucuito.edu.pe\/portal\/wp-json\/wp\/v2\/users\/2"}],"replies":[{"embeddable":true,"href":"https:\/\/ugelchucuito.edu.pe\/portal\/wp-json\/wp\/v2\/comments?post=26387"}],"version-history":[{"count":1,"href":"https:\/\/ugelchucuito.edu.pe\/portal\/wp-json\/wp\/v2\/posts\/26387\/revisions"}],"predecessor-version":[{"id":26389,"href":"https:\/\/ugelchucuito.edu.pe\/portal\/wp-json\/wp\/v2\/posts\/26387\/revisions\/26389"}],"wp:attachment":[{"href":"https:\/\/ugelchucuito.edu.pe\/portal\/wp-json\/wp\/v2\/media?parent=26387"}],"wp:term":[{"taxonomy":"category","embeddable":true,"href":"https:\/\/ugelchucuito.edu.pe\/portal\/wp-json\/wp\/v2\/categories?post=26387"},{"taxonomy":"post_tag","embeddable":true,"href":"https:\/\/ugelchucuito.edu.pe\/portal\/wp-json\/wp\/v2\/tags?post=26387"}],"curies":[{"name":"wp","href":"https:\/\/api.w.org\/{rel}","templated":true}]}}