{"id":26392,"date":"2025-01-09T11:51:50","date_gmt":"2025-01-09T16:51:50","guid":{"rendered":"https:\/\/ugelchucuito.edu.pe\/portal\/?p=26392"},"modified":"2025-01-09T11:51:50","modified_gmt":"2025-01-09T16:51:50","slug":"martes-14-de-enero-asistencia-tecnica-a-directores-de-las-instituciones-educativas-secundarias","status":"publish","type":"post","link":"https:\/\/ugelchucuito.edu.pe\/portal\/2025\/01\/09\/martes-14-de-enero-asistencia-tecnica-a-directores-de-las-instituciones-educativas-secundarias\/","title":{"rendered":"Martes 14 de enero: Asistencia T\u00e9cnica a Directores de las\u00a0 Instituciones Educativas Secundarias"},"content":{"rendered":"\n<p>Convocatoria a la I Asistencia T\u00e9cnica dirigida a directores y subdirectores de las Instituciones Educativas Secundarias de nuestro \u00e1mbito, por lo que, se convoca a Ud. a la actividad en menci\u00f3n, con car\u00e1cter obligatorio, conforme al siguiente detalle:<\/p>\n\n\n\n<ul class=\"wp-block-list\">\n<li><a>Lugar: auditorio de la UGEL Chucuito.<\/a><\/li>\n\n\n\n<li>Fecha: martes 14 de enero de 2025.<\/li>\n\n\n\n<li>Hora: 8:00 am (hora exacta).<\/li>\n<\/ul>\n\n\n\n<p>\u00a1 Los esperamos !<\/p>\n\n\n\n<div data-wp-interactive=\"core\/file\" class=\"wp-block-file\"><object data-wp-bind--hidden=\"!state.hasPdfPreview\" hidden class=\"wp-block-file__embed\" data=\"https:\/\/ugelchucuito.edu.pe\/portal\/wp-content\/uploads\/2025\/01\/Oficio-AT-2025-Secundaria.pdf\" type=\"application\/pdf\" style=\"width:100%;height:600px\" aria-label=\"Incrustado de Oficio AT 2025 Secundaria.\"><\/object><a id=\"wp-block-file--media-6aa794c8-12cd-4e97-9a7a-6869b0aef0e8\" href=\"https:\/\/ugelchucuito.edu.pe\/portal\/wp-content\/uploads\/2025\/01\/Oficio-AT-2025-Secundaria.pdf\">Oficio AT 2025 Secundaria<\/a><a href=\"https:\/\/ugelchucuito.edu.pe\/portal\/wp-content\/uploads\/2025\/01\/Oficio-AT-2025-Secundaria.pdf\" class=\"wp-block-file__button wp-element-button\" download aria-describedby=\"wp-block-file--media-6aa794c8-12cd-4e97-9a7a-6869b0aef0e8\">Descarga<\/a><\/div>\n","protected":false},"excerpt":{"rendered":"<p>Convocatoria a la I Asistencia T\u00e9cnica dirigida a directores y subdirectores de las Instituciones Educativas Secundarias de nuestro \u00e1mbito, por lo que, se convoca a Ud. a la actividad en menci\u00f3n, con car\u00e1cter obligatorio, conforme al siguiente detalle: \u00a1 Los esperamos !<\/p>\n","protected":false},"author":2,"featured_media":0,"comment_status":"open","ping_status":"open","sticky":false,"template":"","format":"standard","meta":{"footnotes":""},"categories":[],"tags":[],"class_list":["post-26392","post","type-post","status-publish","format-standard","hentry"],"_links":{"self":[{"href":"https:\/\/ugelchucuito.edu.pe\/portal\/wp-json\/wp\/v2\/posts\/26392","targetHints":{"allow":["GET"]}}],"collection":[{"href":"https:\/\/ugelchucuito.edu.pe\/portal\/wp-json\/wp\/v2\/posts"}],"about":[{"href":"https:\/\/ugelchucuito.edu.pe\/portal\/wp-json\/wp\/v2\/types\/post"}],"author":[{"embeddable":true,"href":"https:\/\/ugelchucuito.edu.pe\/portal\/wp-json\/wp\/v2\/users\/2"}],"replies":[{"embeddable":true,"href":"https:\/\/ugelchucuito.edu.pe\/portal\/wp-json\/wp\/v2\/comments?post=26392"}],"version-history":[{"count":1,"href":"https:\/\/ugelchucuito.edu.pe\/portal\/wp-json\/wp\/v2\/posts\/26392\/revisions"}],"predecessor-version":[{"id":26394,"href":"https:\/\/ugelchucuito.edu.pe\/portal\/wp-json\/wp\/v2\/posts\/26392\/revisions\/26394"}],"wp:attachment":[{"href":"https:\/\/ugelchucuito.edu.pe\/portal\/wp-json\/wp\/v2\/media?parent=26392"}],"wp:term":[{"taxonomy":"category","embeddable":true,"href":"https:\/\/ugelchucuito.edu.pe\/portal\/wp-json\/wp\/v2\/categories?post=26392"},{"taxonomy":"post_tag","embeddable":true,"href":"https:\/\/ugelchucuito.edu.pe\/portal\/wp-json\/wp\/v2\/tags?post=26392"}],"curies":[{"name":"wp","href":"https:\/\/api.w.org\/{rel}","templated":true}]}}