{"id":26722,"date":"2025-02-04T09:59:44","date_gmt":"2025-02-04T14:59:44","guid":{"rendered":"https:\/\/ugelchucuito.edu.pe\/portal\/?p=26722"},"modified":"2025-02-04T09:59:45","modified_gmt":"2025-02-04T14:59:45","slug":"se-dio-inicio-a-taller-de-capacitacion-a-directores-de-instituciones-educativas-polidocentes-del-ambito-de-la-ugel-chucuito-juli-para-optimizar-la-gestion-educativa","status":"publish","type":"post","link":"https:\/\/ugelchucuito.edu.pe\/portal\/2025\/02\/04\/se-dio-inicio-a-taller-de-capacitacion-a-directores-de-instituciones-educativas-polidocentes-del-ambito-de-la-ugel-chucuito-juli-para-optimizar-la-gestion-educativa\/","title":{"rendered":"SE DIO INICIO A TALLER DE CAPACITACI\u00d3N A DIRECTORES DE INSTITUCIONES EDUCATIVAS POLIDOCENTES DEL \u00c1MBITO DE LA\u00a0 UGEL CHUCUITO- JULI, PARA OPTIMIZAR LA GESTI\u00d3N EDUCATIVA."},"content":{"rendered":"\n<p><strong>Juli, 03 de febrero de 2025<\/strong> &#8211; Con el objetivo de fortalecer la calidad de la educaci\u00f3n en el \u00e1mbito de la provincia de Chucuito, directores de diversas instituciones educativas se congregaron en el auditorio de la UGEL Chucuito-Juli para participar del taller presencial de fortalecimiento de instrumentos de gesti\u00f3n.<\/p>\n\n\n\n<p>La directora de la UGEL, Gladys C\u00e1ceres Colquehuanca, inaugur\u00f3 el evento resaltando el compromiso de los directores y la trascendencia de contar con documentos de gesti\u00f3n debidamente actualizados e implementados en las instituciones educativas.<\/p>\n\n\n\n<p>Cabe destacar que el taller, tendr\u00e1 una duraci\u00f3n de 5 d\u00edas para este primer bloque, dirigido a directores de los niveles iniciales, primarios y secundarios de instituciones polidocentes, quienes recibir\u00e1n herramientas y conocimientos para optimizar la gesti\u00f3n de sus instituciones educativas.<\/p>\n\n\n\n<p><\/p>\n","protected":false},"excerpt":{"rendered":"<p>Juli, 03 de febrero de 2025 &#8211; Con el objetivo de fortalecer la calidad de la educaci\u00f3n en el \u00e1mbito de la provincia de Chucuito, directores de diversas instituciones educativas se congregaron en el auditorio de la UGEL Chucuito-Juli para participar del taller presencial de fortalecimiento de instrumentos de gesti\u00f3n. La directora de la UGEL, [&hellip;]<\/p>\n","protected":false},"author":212,"featured_media":0,"comment_status":"open","ping_status":"open","sticky":false,"template":"","format":"standard","meta":{"footnotes":""},"categories":[],"tags":[],"class_list":["post-26722","post","type-post","status-publish","format-standard","hentry"],"_links":{"self":[{"href":"https:\/\/ugelchucuito.edu.pe\/portal\/wp-json\/wp\/v2\/posts\/26722","targetHints":{"allow":["GET"]}}],"collection":[{"href":"https:\/\/ugelchucuito.edu.pe\/portal\/wp-json\/wp\/v2\/posts"}],"about":[{"href":"https:\/\/ugelchucuito.edu.pe\/portal\/wp-json\/wp\/v2\/types\/post"}],"author":[{"embeddable":true,"href":"https:\/\/ugelchucuito.edu.pe\/portal\/wp-json\/wp\/v2\/users\/212"}],"replies":[{"embeddable":true,"href":"https:\/\/ugelchucuito.edu.pe\/portal\/wp-json\/wp\/v2\/comments?post=26722"}],"version-history":[{"count":1,"href":"https:\/\/ugelchucuito.edu.pe\/portal\/wp-json\/wp\/v2\/posts\/26722\/revisions"}],"predecessor-version":[{"id":26731,"href":"https:\/\/ugelchucuito.edu.pe\/portal\/wp-json\/wp\/v2\/posts\/26722\/revisions\/26731"}],"wp:attachment":[{"href":"https:\/\/ugelchucuito.edu.pe\/portal\/wp-json\/wp\/v2\/media?parent=26722"}],"wp:term":[{"taxonomy":"category","embeddable":true,"href":"https:\/\/ugelchucuito.edu.pe\/portal\/wp-json\/wp\/v2\/categories?post=26722"},{"taxonomy":"post_tag","embeddable":true,"href":"https:\/\/ugelchucuito.edu.pe\/portal\/wp-json\/wp\/v2\/tags?post=26722"}],"curies":[{"name":"wp","href":"https:\/\/api.w.org\/{rel}","templated":true}]}}