{"id":26766,"date":"2025-02-06T15:59:27","date_gmt":"2025-02-06T20:59:27","guid":{"rendered":"https:\/\/ugelchucuito.edu.pe\/portal\/?p=26766"},"modified":"2025-02-06T15:59:27","modified_gmt":"2025-02-06T20:59:27","slug":"directores-se-fortalecen-en-talleres","status":"publish","type":"post","link":"https:\/\/ugelchucuito.edu.pe\/portal\/2025\/02\/06\/directores-se-fortalecen-en-talleres\/","title":{"rendered":"DIRECTORES SE FORTALECEN EN TALLERES"},"content":{"rendered":"\n<p><strong>UGEL CHUCUITO &#8211; JULI,  FORTALECE LA GESTI\u00d3N EDUCATIVA CON TALLERES PARA DIRECTORES POLIDOCENTES<\/strong><\/p>\n\n\n\n<p><strong>Juli, 06\/02\/25<\/strong> La Unidad de Gesti\u00f3n Educativa Local (UGEL) Chucuito &#8211; Juli se encuentra en el cuarto d\u00eda consecutivo del taller de fortalecimiento de instrumentos de gesti\u00f3n, dirigido a directores polidocentes de la regi\u00f3n. Este evento, que se extender\u00e1 hasta el viernes 07 de febrero, tiene como objetivo principal mejorar la eficiencia y eficacia de la gesti\u00f3n educativa en las instituciones educativas de la zona.<\/p>\n\n\n\n<p>El taller, cuenta con una participaci\u00f3n activa y entusiasta de los directores polidocentes, que se centra en la revisi\u00f3n y actualizaci\u00f3n de los instrumentos de gesti\u00f3n, tales como el Proyecto Educativo Institucional (PEI), el Plan Anual de Trabajo (PAT) y el PCI. Estos documentos son fundamentales para la planificaci\u00f3n, organizaci\u00f3n y evaluaci\u00f3n de las actividades educativas en cada escuela.<\/p>\n\n\n\n<p>Durante las sesiones, los directores polidocentes tienen la oportunidad de intercambiar experiencias, compartir buenas pr\u00e1cticas y recibir orientaci\u00f3n especializada por parte del facilitador del taller. Adem\u00e1s, se fomenta el trabajo en equipo y la reflexi\u00f3n cr\u00edtica sobre los desaf\u00edos y oportunidades que enfrenta la gesti\u00f3n educativa en la ugel Chucuito- Juli.<\/p>\n\n\n\n<p><\/p>\n","protected":false},"excerpt":{"rendered":"<p>UGEL CHUCUITO &#8211; JULI, FORTALECE LA GESTI\u00d3N EDUCATIVA CON TALLERES PARA DIRECTORES POLIDOCENTES Juli, 06\/02\/25 La Unidad de Gesti\u00f3n Educativa Local (UGEL) Chucuito &#8211; Juli se encuentra en el cuarto d\u00eda consecutivo del taller de fortalecimiento de instrumentos de gesti\u00f3n, dirigido a directores polidocentes de la regi\u00f3n. Este evento, que se extender\u00e1 hasta el viernes [&hellip;]<\/p>\n","protected":false},"author":212,"featured_media":0,"comment_status":"open","ping_status":"open","sticky":false,"template":"","format":"standard","meta":{"footnotes":""},"categories":[],"tags":[],"class_list":["post-26766","post","type-post","status-publish","format-standard","hentry"],"_links":{"self":[{"href":"https:\/\/ugelchucuito.edu.pe\/portal\/wp-json\/wp\/v2\/posts\/26766","targetHints":{"allow":["GET"]}}],"collection":[{"href":"https:\/\/ugelchucuito.edu.pe\/portal\/wp-json\/wp\/v2\/posts"}],"about":[{"href":"https:\/\/ugelchucuito.edu.pe\/portal\/wp-json\/wp\/v2\/types\/post"}],"author":[{"embeddable":true,"href":"https:\/\/ugelchucuito.edu.pe\/portal\/wp-json\/wp\/v2\/users\/212"}],"replies":[{"embeddable":true,"href":"https:\/\/ugelchucuito.edu.pe\/portal\/wp-json\/wp\/v2\/comments?post=26766"}],"version-history":[{"count":1,"href":"https:\/\/ugelchucuito.edu.pe\/portal\/wp-json\/wp\/v2\/posts\/26766\/revisions"}],"predecessor-version":[{"id":26768,"href":"https:\/\/ugelchucuito.edu.pe\/portal\/wp-json\/wp\/v2\/posts\/26766\/revisions\/26768"}],"wp:attachment":[{"href":"https:\/\/ugelchucuito.edu.pe\/portal\/wp-json\/wp\/v2\/media?parent=26766"}],"wp:term":[{"taxonomy":"category","embeddable":true,"href":"https:\/\/ugelchucuito.edu.pe\/portal\/wp-json\/wp\/v2\/categories?post=26766"},{"taxonomy":"post_tag","embeddable":true,"href":"https:\/\/ugelchucuito.edu.pe\/portal\/wp-json\/wp\/v2\/tags?post=26766"}],"curies":[{"name":"wp","href":"https:\/\/api.w.org\/{rel}","templated":true}]}}