{"id":26790,"date":"2025-02-07T15:43:32","date_gmt":"2025-02-07T20:43:32","guid":{"rendered":"https:\/\/ugelchucuito.edu.pe\/portal\/?p=26790"},"modified":"2025-02-07T15:43:32","modified_gmt":"2025-02-07T20:43:32","slug":"26790-2","status":"publish","type":"post","link":"https:\/\/ugelchucuito.edu.pe\/portal\/2025\/02\/07\/26790-2\/","title":{"rendered":""},"content":{"rendered":"\n<p><strong>DIRECTORES DE INSTITUCIONES POLIDOCENTES DE LA UGEL CHUCUITO &#8211; JULI , LISTOS PARA EL RETORNO A CLASES! CULMINA TALLER INTENSIVO DE GESTI\u00d3N ESCOLAR<\/strong><\/p>\n\n\n\n<p><strong>Juli, 7 de febrero de 2025<\/strong> &#8211; Tras cinco d\u00edas de arduo trabajo y dedicaci\u00f3n, culmin\u00f3 con \u00e9xito el taller de fortalecimiento de instrumentos de gesti\u00f3n dirigido a directores de instituciones educativas polidocentes del \u00e1mbito de la UGEL Chucuito &#8211; Juli. El evento, que se llev\u00f3 a cabo del 03 al 07 de febrero, reuni\u00f3 a directores de todo el \u00e1mbito de la UGEL Chucuito- Juli, en un esfuerzo por prepararse de la mejor manera para el inicio del a\u00f1o escolar 2025.<\/p>\n\n\n\n<p>Durante el taller intensivo, los directores participaron activamente en sesiones de capacitaci\u00f3n, intercambio de experiencias y an\u00e1lisis de los instrumentos de gesti\u00f3n claves para el buen funcionamiento de las escuelas, tales como el Proyecto Educativo Institucional (PEI), el Plan Anual de Trabajo (PAT) y el PCI.<\/p>\n\n\n\n<p>Durante la clausura, la Directora de la UGEL Chucuito &#8211; Juli, Dra. Gladys C\u00e1ceres Colquehuanca, destac\u00f3 el compromiso y la dedicaci\u00f3n demostrada por los directores durante los cinco d\u00edas de taller. \u00abQuiero expresar mi profundo agradecimiento a todos los directores por su participaci\u00f3n activa y su entusiasmo en este taller. Su compromiso con la mejora de la gesti\u00f3n escolar es fundamental para garantizar una educaci\u00f3n de calidad para nuestros estudiantes\u00bb, afirm\u00f3 la Dra. C\u00e1ceres.<\/p>\n\n\n\n<p>Adem\u00e1s resalt\u00f3 la importancia de este taller como una oportunidad para fortalecer las capacidades de los directores y prepararlos para los desaf\u00edos que presenta el nuevo a\u00f1o escolar. \u00abEstamos convencidos de que este taller ha sido de gran utilidad para nuestros directores. Al mejorar sus habilidades en la gesti\u00f3n de los instrumentos, estamos sentando las bases para un exitoso retorno a clases en 2025\u00bb, agreg\u00f3.<\/p>\n\n\n\n<p>Finalmente recordar que el taller de fortalecimiento de instrumentos de gesti\u00f3n es una iniciativa de la UGEL Chucuito \u2013 Juli, que busca promover la mejora continua de la calidad de la educaci\u00f3n en la regi\u00f3n. Se espera que los conocimientos y habilidades adquiridos por los directores durante este evento se traduzcan en una gesti\u00f3n m\u00e1s eficiente y eficaz de las instituciones educativas, as\u00ed como en un mayor impacto positivo en el aprendizaje de los estudiantes.<\/p>\n\n\n\n<p><\/p>\n","protected":false},"excerpt":{"rendered":"<p>DIRECTORES DE INSTITUCIONES POLIDOCENTES DE LA UGEL CHUCUITO &#8211; JULI , LISTOS PARA EL RETORNO A CLASES! CULMINA TALLER INTENSIVO DE GESTI\u00d3N ESCOLAR Juli, 7 de febrero de 2025 &#8211; Tras cinco d\u00edas de arduo trabajo y dedicaci\u00f3n, culmin\u00f3 con \u00e9xito el taller de fortalecimiento de instrumentos de gesti\u00f3n dirigido a directores de instituciones educativas [&hellip;]<\/p>\n","protected":false},"author":212,"featured_media":0,"comment_status":"open","ping_status":"open","sticky":false,"template":"","format":"standard","meta":{"footnotes":""},"categories":[],"tags":[],"class_list":["post-26790","post","type-post","status-publish","format-standard","hentry"],"_links":{"self":[{"href":"https:\/\/ugelchucuito.edu.pe\/portal\/wp-json\/wp\/v2\/posts\/26790","targetHints":{"allow":["GET"]}}],"collection":[{"href":"https:\/\/ugelchucuito.edu.pe\/portal\/wp-json\/wp\/v2\/posts"}],"about":[{"href":"https:\/\/ugelchucuito.edu.pe\/portal\/wp-json\/wp\/v2\/types\/post"}],"author":[{"embeddable":true,"href":"https:\/\/ugelchucuito.edu.pe\/portal\/wp-json\/wp\/v2\/users\/212"}],"replies":[{"embeddable":true,"href":"https:\/\/ugelchucuito.edu.pe\/portal\/wp-json\/wp\/v2\/comments?post=26790"}],"version-history":[{"count":1,"href":"https:\/\/ugelchucuito.edu.pe\/portal\/wp-json\/wp\/v2\/posts\/26790\/revisions"}],"predecessor-version":[{"id":26792,"href":"https:\/\/ugelchucuito.edu.pe\/portal\/wp-json\/wp\/v2\/posts\/26790\/revisions\/26792"}],"wp:attachment":[{"href":"https:\/\/ugelchucuito.edu.pe\/portal\/wp-json\/wp\/v2\/media?parent=26790"}],"wp:term":[{"taxonomy":"category","embeddable":true,"href":"https:\/\/ugelchucuito.edu.pe\/portal\/wp-json\/wp\/v2\/categories?post=26790"},{"taxonomy":"post_tag","embeddable":true,"href":"https:\/\/ugelchucuito.edu.pe\/portal\/wp-json\/wp\/v2\/tags?post=26790"}],"curies":[{"name":"wp","href":"https:\/\/api.w.org\/{rel}","templated":true}]}}