{"id":26809,"date":"2025-02-10T12:49:33","date_gmt":"2025-02-10T17:49:33","guid":{"rendered":"https:\/\/ugelchucuito.edu.pe\/portal\/?p=26809"},"modified":"2025-02-10T12:53:21","modified_gmt":"2025-02-10T17:53:21","slug":"26809-2","status":"publish","type":"post","link":"https:\/\/ugelchucuito.edu.pe\/portal\/2025\/02\/10\/26809-2\/","title":{"rendered":""},"content":{"rendered":"\n<p><strong>DIRECTORES DE PRIMARIA MULTIGRADO DE LA UGEL CHUCUITO &#8211; JULI, AFINAN ESTRATEGIAS PARA UNA GESTI\u00d3N EDUCATIVA \u00c9XITOSA!<\/strong><\/p>\n\n\n\n<p><strong>Juli, 10 de febrero de 2025<\/strong> &#8211; La Unidad de Gesti\u00f3n Educativa Local (UGEL) Chucuito &#8211; Juli dio inicio al segundo bloque del taller de formulaci\u00f3n de instrumentos de gesti\u00f3n dirigido a directores del nivel primario de multigrado. Este evento, que se extender\u00e1 hasta el 13 de febrero, tiene como objetivo principal fortalecer las capacidades de los directores en la elaboraci\u00f3n y actualizaci\u00f3n de herramientas clave para la gesti\u00f3n escolar.<\/p>\n\n\n\n<p>Durante la ceremonia de apertura, la Directora de la UGEL Chucuito &#8211; Juli, Dra. Gladys C\u00e1ceres Colquehuanca, destac\u00f3 el compromiso demostrado por los directores asistentes y resalt\u00f3 la importancia de contar con instrumentos de gesti\u00f3n debidamente actualizados. \u00abSu participaci\u00f3n activa y entusiasta en este taller es un claro reflejo de su compromiso con la mejora continua de la calidad educativa en nuestras escuelas multigrado\u00bb, Manifesto la Dra. C\u00e1ceres.<\/p>\n\n\n\n<p>Adem\u00e1s inst\u00f3 a los directores a que aprovechen al m\u00e1ximo esta oportunidad de capacitaci\u00f3n. \u00abLes insto a sacar el mayor provecho de este taller, a intercambiar experiencias con sus colegas y a resolver sus dudas con el facilitador. Estoy segura de que los conocimientos y habilidades que adquieran aqu\u00ed ser\u00e1n de gran utilidad para su labor diaria en las instituciones&nbsp; educativas\u00bb, agreg\u00f3.<\/p>\n\n\n\n<p>Cabe resaltar que este taller es una iniciativa de la UGEL Chucuito &#8211; Juli que busca brindar a los directores las herramientas necesarias para una gesti\u00f3n escolar eficiente y eficaz. Durante las sesiones, se abordar\u00e1n temas como la elaboraci\u00f3n del Proyecto Educativo Institucional (PEI), el Plan Anual de Trabajo (PAT) y Proyecto&nbsp; Institucional&nbsp; Curricular (PCI).<\/p>\n","protected":false},"excerpt":{"rendered":"<p>DIRECTORES DE PRIMARIA MULTIGRADO DE LA UGEL CHUCUITO &#8211; JULI, AFINAN ESTRATEGIAS PARA UNA GESTI\u00d3N EDUCATIVA \u00c9XITOSA! Juli, 10 de febrero de 2025 &#8211; La Unidad de Gesti\u00f3n Educativa Local (UGEL) Chucuito &#8211; Juli dio inicio al segundo bloque del taller de formulaci\u00f3n de instrumentos de gesti\u00f3n dirigido a directores del nivel primario de multigrado. [&hellip;]<\/p>\n","protected":false},"author":212,"featured_media":0,"comment_status":"open","ping_status":"open","sticky":false,"template":"","format":"standard","meta":{"footnotes":""},"categories":[],"tags":[],"class_list":["post-26809","post","type-post","status-publish","format-standard","hentry"],"_links":{"self":[{"href":"https:\/\/ugelchucuito.edu.pe\/portal\/wp-json\/wp\/v2\/posts\/26809","targetHints":{"allow":["GET"]}}],"collection":[{"href":"https:\/\/ugelchucuito.edu.pe\/portal\/wp-json\/wp\/v2\/posts"}],"about":[{"href":"https:\/\/ugelchucuito.edu.pe\/portal\/wp-json\/wp\/v2\/types\/post"}],"author":[{"embeddable":true,"href":"https:\/\/ugelchucuito.edu.pe\/portal\/wp-json\/wp\/v2\/users\/212"}],"replies":[{"embeddable":true,"href":"https:\/\/ugelchucuito.edu.pe\/portal\/wp-json\/wp\/v2\/comments?post=26809"}],"version-history":[{"count":1,"href":"https:\/\/ugelchucuito.edu.pe\/portal\/wp-json\/wp\/v2\/posts\/26809\/revisions"}],"predecessor-version":[{"id":26811,"href":"https:\/\/ugelchucuito.edu.pe\/portal\/wp-json\/wp\/v2\/posts\/26809\/revisions\/26811"}],"wp:attachment":[{"href":"https:\/\/ugelchucuito.edu.pe\/portal\/wp-json\/wp\/v2\/media?parent=26809"}],"wp:term":[{"taxonomy":"category","embeddable":true,"href":"https:\/\/ugelchucuito.edu.pe\/portal\/wp-json\/wp\/v2\/categories?post=26809"},{"taxonomy":"post_tag","embeddable":true,"href":"https:\/\/ugelchucuito.edu.pe\/portal\/wp-json\/wp\/v2\/tags?post=26809"}],"curies":[{"name":"wp","href":"https:\/\/api.w.org\/{rel}","templated":true}]}}