{"id":2689,"date":"2018-05-17T07:05:50","date_gmt":"2018-05-17T12:05:50","guid":{"rendered":"http:\/\/ugelchucuito.edu.pe\/portal\/?p=2689"},"modified":"2018-05-17T09:08:41","modified_gmt":"2018-05-17T14:08:41","slug":"comunicado-eib-cronograma-evaluacion-oral-y-escrita","status":"publish","type":"post","link":"https:\/\/ugelchucuito.edu.pe\/portal\/2018\/05\/17\/comunicado-eib-cronograma-evaluacion-oral-y-escrita\/","title":{"rendered":"COMUNICADO EIB: CRONOGRAMA EVALUACI\u00d3N ORAL Y ESCRITA"},"content":{"rendered":"<p><strong>El especialista de EIB de la Unidad de Gesti\u00f3n Educativa Local Chucuito Juli, comunica a los docentes que participar\u00e1n en el proceso de evaluaci\u00f3n oral y escrita en Lenguas Originarias: Aimara y Quechua. Que dicho proceso se llevar\u00e1 seg\u00fan el cronograma siguiente:<\/strong><\/p>\n<table border=\"1\">\n<tbody>\n<tr>\n<td width=\"83\"><strong>Tipo de Evaluaci\u00f3n<\/strong><\/td>\n<td width=\"170\"><strong>FECHA<\/strong><\/td>\n<td width=\"11\"><strong>Hora de inicio y final<\/strong><\/td>\n<td width=\"317\"><strong>LOCAL<\/strong><\/td>\n<\/tr>\n<tr>\n<td width=\"83\">Evaluaci\u00f3n Oral<\/td>\n<td width=\"170\">17, 18, 19 Y 21 al 25 de mayo<\/p>\n<p>Seg\u00fan orden alfab\u00e9tico. La lista de docentes a evaluar est\u00e1 publicado. En la p\u00e1gina Web UGEL Chucuito.<\/td>\n<td width=\"11\">&nbsp;<\/p>\n<p>&nbsp;<\/p>\n<p>&nbsp;<\/p>\n<p>&nbsp;<\/p>\n<p>2:30pm. a 5:00 pm.<\/td>\n<td width=\"317\">IEP. N\u00ba 70 175 San Juan Bosco- Juli.<\/td>\n<\/tr>\n<tr>\n<td width=\"83\">Evaluaci\u00f3n Escrita<\/td>\n<td width=\"170\">S\u00e1bado 26 de mayo<\/td>\n<td width=\"11\">&nbsp;<\/p>\n<p>9:00 am.<\/p>\n<p>a 10:00am.<\/p>\n<p>&nbsp;<\/p>\n<p>&nbsp;<\/td>\n<td width=\"317\">En las diferentes Instituciones Educativas de la ciudad de Juli. IEP. 70175 Sanjuan Bosco, IEP. 71004 Juli, IEP. 70173 Juli, IES. JEC Mar\u00eda Asunci\u00f3n Galindo-Juli y IES. JEC Tel\u00e9sforo Catacora de Juli. La lista de docentes por aula, se publicar\u00e1 en la p\u00e1gina Web UGEL Chucuito.<\/td>\n<\/tr>\n<\/tbody>\n<\/table>\n<p><strong>\u00a0<\/strong><\/p>\n<p><strong>Juli, 16 de mayo del 2018.<\/strong><\/p>\n<p><strong>NOTA: Los participantes deber\u00e1n portar su DNI de manera obligatoria en ambas pruebas.<\/strong><\/p>\n<p><strong>\u00a0<\/strong><\/p>\n<p><strong>Atentamente,<\/strong><\/p>\n<p><strong>ESP. PRIMARIA EIB.<\/strong><\/p>\n","protected":false},"excerpt":{"rendered":"<p>El especialista de EIB de la Unidad de Gesti\u00f3n Educativa Local Chucuito Juli, comunica a los docentes que participar\u00e1n en el proceso de evaluaci\u00f3n oral y escrita en Lenguas Originarias: Aimara y Quechua. Que dicho proceso se llevar\u00e1 seg\u00fan el cronograma siguiente: Tipo de Evaluaci\u00f3n FECHA Hora de inicio y final LOCAL Evaluaci\u00f3n Oral 17, [&hellip;]<\/p>\n","protected":false},"author":1,"featured_media":0,"comment_status":"open","ping_status":"open","sticky":false,"template":"","format":"standard","meta":{"footnotes":""},"categories":[],"tags":[],"class_list":["post-2689","post","type-post","status-publish","format-standard","hentry"],"_links":{"self":[{"href":"https:\/\/ugelchucuito.edu.pe\/portal\/wp-json\/wp\/v2\/posts\/2689","targetHints":{"allow":["GET"]}}],"collection":[{"href":"https:\/\/ugelchucuito.edu.pe\/portal\/wp-json\/wp\/v2\/posts"}],"about":[{"href":"https:\/\/ugelchucuito.edu.pe\/portal\/wp-json\/wp\/v2\/types\/post"}],"author":[{"embeddable":true,"href":"https:\/\/ugelchucuito.edu.pe\/portal\/wp-json\/wp\/v2\/users\/1"}],"replies":[{"embeddable":true,"href":"https:\/\/ugelchucuito.edu.pe\/portal\/wp-json\/wp\/v2\/comments?post=2689"}],"version-history":[{"count":2,"href":"https:\/\/ugelchucuito.edu.pe\/portal\/wp-json\/wp\/v2\/posts\/2689\/revisions"}],"predecessor-version":[{"id":2691,"href":"https:\/\/ugelchucuito.edu.pe\/portal\/wp-json\/wp\/v2\/posts\/2689\/revisions\/2691"}],"wp:attachment":[{"href":"https:\/\/ugelchucuito.edu.pe\/portal\/wp-json\/wp\/v2\/media?parent=2689"}],"wp:term":[{"taxonomy":"category","embeddable":true,"href":"https:\/\/ugelchucuito.edu.pe\/portal\/wp-json\/wp\/v2\/categories?post=2689"},{"taxonomy":"post_tag","embeddable":true,"href":"https:\/\/ugelchucuito.edu.pe\/portal\/wp-json\/wp\/v2\/tags?post=2689"}],"curies":[{"name":"wp","href":"https:\/\/api.w.org\/{rel}","templated":true}]}}