{"id":26913,"date":"2025-02-12T09:24:39","date_gmt":"2025-02-12T14:24:39","guid":{"rendered":"https:\/\/ugelchucuito.edu.pe\/portal\/?p=26913"},"modified":"2025-02-12T09:24:39","modified_gmt":"2025-02-12T14:24:39","slug":"26913-2","status":"publish","type":"post","link":"https:\/\/ugelchucuito.edu.pe\/portal\/2025\/02\/12\/26913-2\/","title":{"rendered":""},"content":{"rendered":"\n<p><strong>PISACOMA APUESTA POR LA EDUCACI\u00d3N: <\/strong><\/p>\n\n\n\n<p><strong>UGEL CHUCUITO &#8211; JULI  Y MUNICIPIO DE PISACOMA UNEN FUERZAS PARA EL \u00c9XITO EDUCATIVO  DESDE EL PRIMER DIA  DEL\u00a0 A\u00d1O ESCOLAR 2025<\/strong>.<\/p>\n\n\n\n<p><strong>Pisacoma, 12\/020\/2024.- <\/strong>Con el firme prop\u00f3sito de garantizar un retorno escolar exitoso, la directora de la UGEL Chucuito-Juli, Dra. Gladys C\u00e1ceres Colquehuanca, lleg\u00f3 hasta el distrito de Pisacoma acompa\u00f1ada de una delegaci\u00f3n de especialistas para coordinar acciones con el alcalde Ra\u00fal Herrera Quenta. En la reuni\u00f3n tambi\u00e9n participaron representantes de la sociedad civil, consolidando un esfuerzo conjunto en favor de la educaci\u00f3n.<\/p>\n\n\n\n<p>Durante el encuentro, la directora de la UGEL destac\u00f3 la importancia de fortalecer la articulaci\u00f3n interinstitucional para optimizar el aprendizaje de los estudiantes. Asimismo, la jefa de Gesti\u00f3n Pedag\u00f3gica present\u00f3 el <strong>plan de actividades de la UGEL<\/strong>, con el objetivo de involucrar a la municipalidad distrital en cada una de las acciones programadas para mejorar la calidad educativa.<\/p>\n\n\n\n<p>En este espacio, tambi\u00e9n se socializ\u00f3 el proyecto educativo <strong>\u00abSuma Yatichawi\u00bb<\/strong>, impulsado por la municipalidad de Pisacoma, que busca fortalecer las capacidades de docentes y estudiantes a trav\u00e9s de componentes clave: que va desde el <strong>Acompa\u00f1amiento psicol\u00f3gico<\/strong>, brindando apoyo emocional a la comunidad educativa. <strong>Dotaci\u00f3n de indumentaria<\/strong> para estudiantes y docentes, promoviendo identidad y motivaci\u00f3n. <strong>Fortalecimiento del centro cultural<\/strong>, con clases de m\u00fasica y trabajo con municipios escolares. <strong>Capacitaci\u00f3n docente<\/strong>, mejorando estrategias pedag\u00f3gicas para un mejor desempe\u00f1o en las aulas, entre otros.<\/p>\n\n\n\n<p>Al culminar las autoridades coincidieron en que <strong>a\u00fan hay retos por superar<\/strong>, pero &nbsp;este primer paso reafirma el compromiso de seguir trabajando en beneficio de la educaci\u00f3n y el desarrollo integral de la ni\u00f1ez y juventud pisacome\u00f1a.<\/p>\n\n\n\n<p><\/p>\n","protected":false},"excerpt":{"rendered":"<p>PISACOMA APUESTA POR LA EDUCACI\u00d3N: UGEL CHUCUITO &#8211; JULI Y MUNICIPIO DE PISACOMA UNEN FUERZAS PARA EL \u00c9XITO EDUCATIVO DESDE EL PRIMER DIA DEL\u00a0 A\u00d1O ESCOLAR 2025. Pisacoma, 12\/020\/2024.- Con el firme prop\u00f3sito de garantizar un retorno escolar exitoso, la directora de la UGEL Chucuito-Juli, Dra. Gladys C\u00e1ceres Colquehuanca, lleg\u00f3 hasta el distrito de Pisacoma [&hellip;]<\/p>\n","protected":false},"author":212,"featured_media":0,"comment_status":"open","ping_status":"open","sticky":false,"template":"","format":"standard","meta":{"footnotes":""},"categories":[],"tags":[],"class_list":["post-26913","post","type-post","status-publish","format-standard","hentry"],"_links":{"self":[{"href":"https:\/\/ugelchucuito.edu.pe\/portal\/wp-json\/wp\/v2\/posts\/26913","targetHints":{"allow":["GET"]}}],"collection":[{"href":"https:\/\/ugelchucuito.edu.pe\/portal\/wp-json\/wp\/v2\/posts"}],"about":[{"href":"https:\/\/ugelchucuito.edu.pe\/portal\/wp-json\/wp\/v2\/types\/post"}],"author":[{"embeddable":true,"href":"https:\/\/ugelchucuito.edu.pe\/portal\/wp-json\/wp\/v2\/users\/212"}],"replies":[{"embeddable":true,"href":"https:\/\/ugelchucuito.edu.pe\/portal\/wp-json\/wp\/v2\/comments?post=26913"}],"version-history":[{"count":1,"href":"https:\/\/ugelchucuito.edu.pe\/portal\/wp-json\/wp\/v2\/posts\/26913\/revisions"}],"predecessor-version":[{"id":26915,"href":"https:\/\/ugelchucuito.edu.pe\/portal\/wp-json\/wp\/v2\/posts\/26913\/revisions\/26915"}],"wp:attachment":[{"href":"https:\/\/ugelchucuito.edu.pe\/portal\/wp-json\/wp\/v2\/media?parent=26913"}],"wp:term":[{"taxonomy":"category","embeddable":true,"href":"https:\/\/ugelchucuito.edu.pe\/portal\/wp-json\/wp\/v2\/categories?post=26913"},{"taxonomy":"post_tag","embeddable":true,"href":"https:\/\/ugelchucuito.edu.pe\/portal\/wp-json\/wp\/v2\/tags?post=26913"}],"curies":[{"name":"wp","href":"https:\/\/api.w.org\/{rel}","templated":true}]}}