{"id":26951,"date":"2025-02-13T16:22:07","date_gmt":"2025-02-13T21:22:07","guid":{"rendered":"https:\/\/ugelchucuito.edu.pe\/portal\/?p=26951"},"modified":"2025-02-13T16:22:07","modified_gmt":"2025-02-13T21:22:07","slug":"26951-2","status":"publish","type":"post","link":"https:\/\/ugelchucuito.edu.pe\/portal\/2025\/02\/13\/26951-2\/","title":{"rendered":""},"content":{"rendered":"\n<p><strong>DURANTE\u00a0 EMOTIVA CEREMONIA<\/strong> <strong>UGEL CHUCUITO \u2013 JULI\u00a0 SE SUMA AL RECONOCIMIENTO DE CEDIF JULI\u00a0\u00a0 AL CONMEMORARSE\u00a0 25 A\u00d1OS DE LABOR SOCIAL\u00a0<\/strong><\/p>\n\n\n\n<p>En el marco del 25\u00b0 aniversario del Centro de Desarrollo Integral de la Familia (CEDIF) Juli, se llev\u00f3 a cabo una emotiva ceremonia central que reuni\u00f3 a autoridades, beneficiarios y la comunidad en general para conmemorar su valioso trabajo en favor de ni\u00f1os, ni\u00f1as, adolescentes y adultos mayores en situaci\u00f3n de riesgo.<\/p>\n\n\n\n<p>La UGEL Chucuito \u2013 Juli, \u00a0participo de la\u00a0 ceremonia\u00a0 central, el Abog. Erikson Trujillo Huayta en representaci\u00f3n de la directora de la UGEL Chucuito-Juli, Dra. Ayda C\u00e1ceres Colquehuanca, se hizo presente en el evento para rendir un merecido reconocimiento a la destacada labor del CEDIF durante estos 25 a\u00f1os. En su intervenci\u00f3n, destac\u00f3 el impacto positivo de esta instituci\u00f3n en la comunidad y reafirm\u00f3 el compromiso institucional de seguir apoyando iniciativas que promuevan el bienestar y la inclusi\u00f3n social.<\/p>\n\n\n\n<p>El evento estuvo marcado por la participaci\u00f3n art\u00edstica de los beneficiarios del centro, quienes deleitaron a los asistentes con presentaciones llenas de talento y emoci\u00f3n. Asimismo, diversas autoridades locales se sumaron a la celebraci\u00f3n, entregando distinciones en reconocimiento a la incansable labor de los profesionales que han hecho posible este camino de solidaridad y compromiso social.<\/p>\n\n\n\n<p>El 25\u00b0 aniversario del CEDIF Juli no solo fue una ocasi\u00f3n para recordar su historia, sino tambi\u00e9n para reafirmar su misi\u00f3n de seguir brindando apoyo y oportunidades a quienes m\u00e1s lo necesitan.<\/p>\n","protected":false},"excerpt":{"rendered":"<p>DURANTE\u00a0 EMOTIVA CEREMONIA UGEL CHUCUITO \u2013 JULI\u00a0 SE SUMA AL RECONOCIMIENTO DE CEDIF JULI\u00a0\u00a0 AL CONMEMORARSE\u00a0 25 A\u00d1OS DE LABOR SOCIAL\u00a0 En el marco del 25\u00b0 aniversario del Centro de Desarrollo Integral de la Familia (CEDIF) Juli, se llev\u00f3 a cabo una emotiva ceremonia central que reuni\u00f3 a autoridades, beneficiarios y la comunidad en general [&hellip;]<\/p>\n","protected":false},"author":212,"featured_media":0,"comment_status":"open","ping_status":"open","sticky":false,"template":"","format":"standard","meta":{"footnotes":""},"categories":[],"tags":[],"class_list":["post-26951","post","type-post","status-publish","format-standard","hentry"],"_links":{"self":[{"href":"https:\/\/ugelchucuito.edu.pe\/portal\/wp-json\/wp\/v2\/posts\/26951","targetHints":{"allow":["GET"]}}],"collection":[{"href":"https:\/\/ugelchucuito.edu.pe\/portal\/wp-json\/wp\/v2\/posts"}],"about":[{"href":"https:\/\/ugelchucuito.edu.pe\/portal\/wp-json\/wp\/v2\/types\/post"}],"author":[{"embeddable":true,"href":"https:\/\/ugelchucuito.edu.pe\/portal\/wp-json\/wp\/v2\/users\/212"}],"replies":[{"embeddable":true,"href":"https:\/\/ugelchucuito.edu.pe\/portal\/wp-json\/wp\/v2\/comments?post=26951"}],"version-history":[{"count":1,"href":"https:\/\/ugelchucuito.edu.pe\/portal\/wp-json\/wp\/v2\/posts\/26951\/revisions"}],"predecessor-version":[{"id":26954,"href":"https:\/\/ugelchucuito.edu.pe\/portal\/wp-json\/wp\/v2\/posts\/26951\/revisions\/26954"}],"wp:attachment":[{"href":"https:\/\/ugelchucuito.edu.pe\/portal\/wp-json\/wp\/v2\/media?parent=26951"}],"wp:term":[{"taxonomy":"category","embeddable":true,"href":"https:\/\/ugelchucuito.edu.pe\/portal\/wp-json\/wp\/v2\/categories?post=26951"},{"taxonomy":"post_tag","embeddable":true,"href":"https:\/\/ugelchucuito.edu.pe\/portal\/wp-json\/wp\/v2\/tags?post=26951"}],"curies":[{"name":"wp","href":"https:\/\/api.w.org\/{rel}","templated":true}]}}