{"id":27047,"date":"2025-02-16T10:23:00","date_gmt":"2025-02-16T15:23:00","guid":{"rendered":"https:\/\/ugelchucuito.edu.pe\/portal\/?p=27047"},"modified":"2025-02-17T10:28:04","modified_gmt":"2025-02-17T15:28:04","slug":"27047-2","status":"publish","type":"post","link":"https:\/\/ugelchucuito.edu.pe\/portal\/2025\/02\/16\/27047-2\/","title":{"rendered":""},"content":{"rendered":"\n<p>Ceremonia de Entrega de Resoluciones de Ingreso a la Carrera P\u00fablica Magisterial.<\/p>\n\n\n\n<p>La directora, jefes de \u00e1rea, especialistas y personal administrativo del corporativo de la Unidad de Gesti\u00f3n Educativa Local Chucuito- Juli, tienen el agrado de invitar a usted a la Ceremonia de Entrega de Resoluciones de Ingreso a la Carrera P\u00fablica Magisterial a los docentes que han logrado su nombramiento en el \u00e1mbito de la UGEL Chucuito &#8211; Juli.<\/p>\n\n\n\n<p>\ud83d\udcc5 Fecha: Mi\u00e9rcoles 19 de febrero.<\/p>\n\n\n\n<p>\ud83d\udd52 Hora: 3:00 p.m. (Inicial y primaria)<\/p>\n\n\n\n<p>\ud83d\udd52 Hora: 4:00 p.m. (Secundaria)<\/p>\n\n\n\n<p>\ud83d\udccd Lugar: Sal\u00f3n de eventos de la UGEL Chucuito &#8211; Juli.<\/p>\n\n\n\n<p><\/p>\n","protected":false},"excerpt":{"rendered":"<p>Ceremonia de Entrega de Resoluciones de Ingreso a la Carrera P\u00fablica Magisterial. La directora, jefes de \u00e1rea, especialistas y personal administrativo del corporativo de la Unidad de Gesti\u00f3n Educativa Local Chucuito- Juli, tienen el agrado de invitar a usted a la Ceremonia de Entrega de Resoluciones de Ingreso a la Carrera P\u00fablica Magisterial a los [&hellip;]<\/p>\n","protected":false},"author":212,"featured_media":0,"comment_status":"open","ping_status":"open","sticky":false,"template":"","format":"standard","meta":{"footnotes":""},"categories":[],"tags":[],"class_list":["post-27047","post","type-post","status-publish","format-standard","hentry"],"_links":{"self":[{"href":"https:\/\/ugelchucuito.edu.pe\/portal\/wp-json\/wp\/v2\/posts\/27047","targetHints":{"allow":["GET"]}}],"collection":[{"href":"https:\/\/ugelchucuito.edu.pe\/portal\/wp-json\/wp\/v2\/posts"}],"about":[{"href":"https:\/\/ugelchucuito.edu.pe\/portal\/wp-json\/wp\/v2\/types\/post"}],"author":[{"embeddable":true,"href":"https:\/\/ugelchucuito.edu.pe\/portal\/wp-json\/wp\/v2\/users\/212"}],"replies":[{"embeddable":true,"href":"https:\/\/ugelchucuito.edu.pe\/portal\/wp-json\/wp\/v2\/comments?post=27047"}],"version-history":[{"count":1,"href":"https:\/\/ugelchucuito.edu.pe\/portal\/wp-json\/wp\/v2\/posts\/27047\/revisions"}],"predecessor-version":[{"id":27049,"href":"https:\/\/ugelchucuito.edu.pe\/portal\/wp-json\/wp\/v2\/posts\/27047\/revisions\/27049"}],"wp:attachment":[{"href":"https:\/\/ugelchucuito.edu.pe\/portal\/wp-json\/wp\/v2\/media?parent=27047"}],"wp:term":[{"taxonomy":"category","embeddable":true,"href":"https:\/\/ugelchucuito.edu.pe\/portal\/wp-json\/wp\/v2\/categories?post=27047"},{"taxonomy":"post_tag","embeddable":true,"href":"https:\/\/ugelchucuito.edu.pe\/portal\/wp-json\/wp\/v2\/tags?post=27047"}],"curies":[{"name":"wp","href":"https:\/\/api.w.org\/{rel}","templated":true}]}}