{"id":27183,"date":"2025-02-20T17:20:31","date_gmt":"2025-02-20T22:20:31","guid":{"rendered":"https:\/\/ugelchucuito.edu.pe\/portal\/?p=27183"},"modified":"2025-02-20T17:21:07","modified_gmt":"2025-02-20T22:21:07","slug":"27183-2","status":"publish","type":"post","link":"https:\/\/ugelchucuito.edu.pe\/portal\/2025\/02\/20\/27183-2\/","title":{"rendered":""},"content":{"rendered":"\n<h3 class=\"wp-block-heading\">UGEL Chucuito-Juli y DIGERE coordinan distribuci\u00f3n oportuna de materiales educativos para el a\u00f1o escolar 2025.<\/h3>\n\n\n\n<p>Con el prop\u00f3sito de garantizar el buen inicio del a\u00f1o escolar 2025, la directora de la UGEL Chucuito-Juli, Dra. Ayda Gladys C\u00e1ceres, sostuvo una importante reuni\u00f3n con el especialista de la Direcci\u00f3n General de Recursos Educativos (DIGERE) del Ministerio de Educaci\u00f3n. Durante el encuentro, se socializ\u00f3 informaci\u00f3n relevante sobre la distribuci\u00f3n de materiales educativos para las instituciones de la jurisdicci\u00f3n, asegurando su entrega oportuna.<\/p>\n\n\n\n<p>La reuni\u00f3n cont\u00f3 tambi\u00e9n con la participaci\u00f3n de los especialistas de Gesti\u00f3n Pedag\u00f3gica, Abastecimientos y Almac\u00e9n, quienes contribuyeron a fortalecer las estrategias que optimicen el proceso log\u00edstico y garanticen que cada estudiante y docente cuente con los recursos necesarios desde el primer d\u00eda de clases.<\/p>\n\n\n\n<p>En su intervenci\u00f3n, la directora de la UGEL Chucuito-Juli destac\u00f3 la importancia de estos espacios de coordinaci\u00f3n, enfatizando que permiten garantizar el adecuado abastecimiento de materiales educativos para todas las instituciones del \u00e1mbito de Chucuito-Juli.<\/p>\n\n\n\n<p><\/p>\n","protected":false},"excerpt":{"rendered":"<p>UGEL Chucuito-Juli y DIGERE coordinan distribuci\u00f3n oportuna de materiales educativos para el a\u00f1o escolar 2025. Con el prop\u00f3sito de garantizar el buen inicio del a\u00f1o escolar 2025, la directora de la UGEL Chucuito-Juli, Dra. Ayda Gladys C\u00e1ceres, sostuvo una importante reuni\u00f3n con el especialista de la Direcci\u00f3n General de Recursos Educativos (DIGERE) del Ministerio de [&hellip;]<\/p>\n","protected":false},"author":212,"featured_media":0,"comment_status":"open","ping_status":"open","sticky":false,"template":"","format":"standard","meta":{"footnotes":""},"categories":[],"tags":[],"class_list":["post-27183","post","type-post","status-publish","format-standard","hentry"],"_links":{"self":[{"href":"https:\/\/ugelchucuito.edu.pe\/portal\/wp-json\/wp\/v2\/posts\/27183","targetHints":{"allow":["GET"]}}],"collection":[{"href":"https:\/\/ugelchucuito.edu.pe\/portal\/wp-json\/wp\/v2\/posts"}],"about":[{"href":"https:\/\/ugelchucuito.edu.pe\/portal\/wp-json\/wp\/v2\/types\/post"}],"author":[{"embeddable":true,"href":"https:\/\/ugelchucuito.edu.pe\/portal\/wp-json\/wp\/v2\/users\/212"}],"replies":[{"embeddable":true,"href":"https:\/\/ugelchucuito.edu.pe\/portal\/wp-json\/wp\/v2\/comments?post=27183"}],"version-history":[{"count":2,"href":"https:\/\/ugelchucuito.edu.pe\/portal\/wp-json\/wp\/v2\/posts\/27183\/revisions"}],"predecessor-version":[{"id":27186,"href":"https:\/\/ugelchucuito.edu.pe\/portal\/wp-json\/wp\/v2\/posts\/27183\/revisions\/27186"}],"wp:attachment":[{"href":"https:\/\/ugelchucuito.edu.pe\/portal\/wp-json\/wp\/v2\/media?parent=27183"}],"wp:term":[{"taxonomy":"category","embeddable":true,"href":"https:\/\/ugelchucuito.edu.pe\/portal\/wp-json\/wp\/v2\/categories?post=27183"},{"taxonomy":"post_tag","embeddable":true,"href":"https:\/\/ugelchucuito.edu.pe\/portal\/wp-json\/wp\/v2\/tags?post=27183"}],"curies":[{"name":"wp","href":"https:\/\/api.w.org\/{rel}","templated":true}]}}