{"id":27245,"date":"2025-02-22T08:48:00","date_gmt":"2025-02-22T13:48:00","guid":{"rendered":"https:\/\/ugelchucuito.edu.pe\/portal\/?p=27245"},"modified":"2025-02-24T08:58:37","modified_gmt":"2025-02-24T13:58:37","slug":"27245-2","status":"publish","type":"post","link":"https:\/\/ugelchucuito.edu.pe\/portal\/2025\/02\/22\/27245-2\/","title":{"rendered":""},"content":{"rendered":"\n<p>UGEL CHUCUITO -JULI SOSTIENE REUNI\u00d3N CON REPRESENTANTES DE DIFOCA PARA FORTALECER PROYECTOS DE BUENAS PR\u00c1CTICAS DOCENTES.<\/p>\n\n\n\n<p>La directora de la UGEL Chucuito-Juli, junto a los jefes de Gesti\u00f3n Institucional, Gesti\u00f3n Pedag\u00f3gica y el equipo t\u00e9cnico de especialistas de AGP, sostuvo una importante reuni\u00f3n con representantes de la Direcci\u00f3n de Fortalecimiento de Capacidades (DIFOCA) del Ministerio de Educaci\u00f3n. En el encuentro participaron la coordinadora de DIFOCA, Susan Crespo, y la especialista Rosa Villar, quienes llegaron a la UGEL acompa\u00f1adas de los especialistas de la Direcci\u00f3n Regional de Educaci\u00f3n de Puno (DREP), Juan Galindo Mendoza y Cristina Alanguia.<\/p>\n\n\n\n<p>Durante la reuni\u00f3n, se socializ\u00f3 el proyecto presentado por la UGEL Chucuito-Juli: \u00abLaboratorios de Innovaci\u00f3n en Tecnolog\u00edas ROBOLAB: Innovando y Transformando desde la Escuela para la Mejora de los Aprendizajes\u00bb, proyecto finalista a nivel nacional en el Concurso de Buenas Pr\u00e1cticas de Gesti\u00f3n Escolar 2024. Se destac\u00f3 su impacto y alcance en el \u00e1mbito educativo.<\/p>\n\n\n\n<p>Asimismo, las especialistas de DIFOCA recogieron sugerencias sobre la presentaci\u00f3n de proyectos de buenas pr\u00e1cticas docentes, con el objetivo de optimizar los procesos y fortalecer la participaci\u00f3n de las instituciones educativas en estas iniciativas.<\/p>\n\n\n\n<p>Dato adicional: Cabe destacar que la Direcci\u00f3n de Fortalecimiento de Capacidades (DIFOCA) es una unidad del Ministerio de Educaci\u00f3n del Per\u00fa encargada de impulsar estrategias innovadoras para potenciar las capacidades de las Direcciones Regionales de Educaci\u00f3n (DRE) y las Unidades de Gesti\u00f3n Educativa Local (UGEL), promoviendo una educaci\u00f3n de calidad en el pa\u00eds.<\/p>\n","protected":false},"excerpt":{"rendered":"<p>UGEL CHUCUITO -JULI SOSTIENE REUNI\u00d3N CON REPRESENTANTES DE DIFOCA PARA FORTALECER PROYECTOS DE BUENAS PR\u00c1CTICAS DOCENTES. La directora de la UGEL Chucuito-Juli, junto a los jefes de Gesti\u00f3n Institucional, Gesti\u00f3n Pedag\u00f3gica y el equipo t\u00e9cnico de especialistas de AGP, sostuvo una importante reuni\u00f3n con representantes de la Direcci\u00f3n de Fortalecimiento de Capacidades (DIFOCA) del Ministerio [&hellip;]<\/p>\n","protected":false},"author":212,"featured_media":0,"comment_status":"open","ping_status":"open","sticky":false,"template":"","format":"standard","meta":{"footnotes":""},"categories":[],"tags":[],"class_list":["post-27245","post","type-post","status-publish","format-standard","hentry"],"_links":{"self":[{"href":"https:\/\/ugelchucuito.edu.pe\/portal\/wp-json\/wp\/v2\/posts\/27245","targetHints":{"allow":["GET"]}}],"collection":[{"href":"https:\/\/ugelchucuito.edu.pe\/portal\/wp-json\/wp\/v2\/posts"}],"about":[{"href":"https:\/\/ugelchucuito.edu.pe\/portal\/wp-json\/wp\/v2\/types\/post"}],"author":[{"embeddable":true,"href":"https:\/\/ugelchucuito.edu.pe\/portal\/wp-json\/wp\/v2\/users\/212"}],"replies":[{"embeddable":true,"href":"https:\/\/ugelchucuito.edu.pe\/portal\/wp-json\/wp\/v2\/comments?post=27245"}],"version-history":[{"count":1,"href":"https:\/\/ugelchucuito.edu.pe\/portal\/wp-json\/wp\/v2\/posts\/27245\/revisions"}],"predecessor-version":[{"id":27247,"href":"https:\/\/ugelchucuito.edu.pe\/portal\/wp-json\/wp\/v2\/posts\/27245\/revisions\/27247"}],"wp:attachment":[{"href":"https:\/\/ugelchucuito.edu.pe\/portal\/wp-json\/wp\/v2\/media?parent=27245"}],"wp:term":[{"taxonomy":"category","embeddable":true,"href":"https:\/\/ugelchucuito.edu.pe\/portal\/wp-json\/wp\/v2\/categories?post=27245"},{"taxonomy":"post_tag","embeddable":true,"href":"https:\/\/ugelchucuito.edu.pe\/portal\/wp-json\/wp\/v2\/tags?post=27245"}],"curies":[{"name":"wp","href":"https:\/\/api.w.org\/{rel}","templated":true}]}}