{"id":27277,"date":"2025-02-25T17:04:12","date_gmt":"2025-02-25T22:04:12","guid":{"rendered":"https:\/\/ugelchucuito.edu.pe\/portal\/?p=27277"},"modified":"2025-02-25T17:04:13","modified_gmt":"2025-02-25T22:04:13","slug":"27277-2","status":"publish","type":"post","link":"https:\/\/ugelchucuito.edu.pe\/portal\/2025\/02\/25\/27277-2\/","title":{"rendered":""},"content":{"rendered":"\n<p><strong>EDUCACI\u00d3N Y SALUD UNEN ESFUERZOS: HACIA UNA ALIANZA PARA EL BIENESTAR EN CHUCUITO-JULI<\/strong><\/p>\n\n\n\n<p>Juli, 25\/02\/ 2025.- Con el firme prop\u00f3sito de fortalecer el trabajo conjunto entre los sectores de salud y educaci\u00f3n, la directora de la UGEL Chucuito-Juli, Dra. Gladys C\u00e1ceres, sostuvo una reuni\u00f3n con representantes de la Red de Salud de la provincia.<\/p>\n\n\n\n<p>El encuentro, desarrollado en las instalaciones de la UGEL, tuvo como objetivo principal coordinar acciones para la renovaci\u00f3n de un convenio marco de cooperaci\u00f3n interinstitucional. Esta alianza permitir\u00e1 implementar estrategias conjuntas para el desarrollo de capacidades en ambas \u00e1reas, con la meta de mejorar la calidad de vida de la poblaci\u00f3n.es importante la integraci\u00f3n de esfuerzos que favorezcan tanto la formaci\u00f3n educativa como el acceso a servicios de salud, en beneficio de la comunidad. Manifest\u00f3 Gladys&nbsp; C\u00e1ceres&nbsp; al t\u00e9rmino de la&nbsp;&nbsp; reuni\u00f3n.<\/p>\n","protected":false},"excerpt":{"rendered":"<p>EDUCACI\u00d3N Y SALUD UNEN ESFUERZOS: HACIA UNA ALIANZA PARA EL BIENESTAR EN CHUCUITO-JULI Juli, 25\/02\/ 2025.- Con el firme prop\u00f3sito de fortalecer el trabajo conjunto entre los sectores de salud y educaci\u00f3n, la directora de la UGEL Chucuito-Juli, Dra. Gladys C\u00e1ceres, sostuvo una reuni\u00f3n con representantes de la Red de Salud de la provincia. El [&hellip;]<\/p>\n","protected":false},"author":212,"featured_media":0,"comment_status":"open","ping_status":"open","sticky":false,"template":"","format":"standard","meta":{"footnotes":""},"categories":[],"tags":[],"class_list":["post-27277","post","type-post","status-publish","format-standard","hentry"],"_links":{"self":[{"href":"https:\/\/ugelchucuito.edu.pe\/portal\/wp-json\/wp\/v2\/posts\/27277","targetHints":{"allow":["GET"]}}],"collection":[{"href":"https:\/\/ugelchucuito.edu.pe\/portal\/wp-json\/wp\/v2\/posts"}],"about":[{"href":"https:\/\/ugelchucuito.edu.pe\/portal\/wp-json\/wp\/v2\/types\/post"}],"author":[{"embeddable":true,"href":"https:\/\/ugelchucuito.edu.pe\/portal\/wp-json\/wp\/v2\/users\/212"}],"replies":[{"embeddable":true,"href":"https:\/\/ugelchucuito.edu.pe\/portal\/wp-json\/wp\/v2\/comments?post=27277"}],"version-history":[{"count":1,"href":"https:\/\/ugelchucuito.edu.pe\/portal\/wp-json\/wp\/v2\/posts\/27277\/revisions"}],"predecessor-version":[{"id":27279,"href":"https:\/\/ugelchucuito.edu.pe\/portal\/wp-json\/wp\/v2\/posts\/27277\/revisions\/27279"}],"wp:attachment":[{"href":"https:\/\/ugelchucuito.edu.pe\/portal\/wp-json\/wp\/v2\/media?parent=27277"}],"wp:term":[{"taxonomy":"category","embeddable":true,"href":"https:\/\/ugelchucuito.edu.pe\/portal\/wp-json\/wp\/v2\/categories?post=27277"},{"taxonomy":"post_tag","embeddable":true,"href":"https:\/\/ugelchucuito.edu.pe\/portal\/wp-json\/wp\/v2\/tags?post=27277"}],"curies":[{"name":"wp","href":"https:\/\/api.w.org\/{rel}","templated":true}]}}