{"id":27280,"date":"2025-02-25T17:15:38","date_gmt":"2025-02-25T22:15:38","guid":{"rendered":"https:\/\/ugelchucuito.edu.pe\/portal\/?p=27280"},"modified":"2025-02-25T17:15:39","modified_gmt":"2025-02-25T22:15:39","slug":"27280-2","status":"publish","type":"post","link":"https:\/\/ugelchucuito.edu.pe\/portal\/2025\/02\/25\/27280-2\/","title":{"rendered":""},"content":{"rendered":"\n<h3 class=\"wp-block-heading\"><strong>COMPROMISO Y ACCI\u00d3N PARA UNA GESTI\u00d3N EDUCATIVA EFICIENTE, UGEL CHUCUITO-JULI CULMINA CON \u00c9XITO CICLO DE TALLERES: CONSTRUCCI\u00d3N  DE  DOCUMENTOS  DE GESTI\u00d3N PARA DIRECTORES.<\/strong><\/h3>\n\n\n\n<p>Juli, 25 de febrero de 2025 .- Con gran \u00e9xito concluy\u00f3 el ciclo de talleres presenciales dirigidos a los directores de instituciones educativas de nivel inicial, primaria y secundaria del \u00e1mbito de la UGEL Chucuito-Juli. La capacitaci\u00f3n se desarroll\u00f3 en cuatro bloques, permitiendo un trabajo pr\u00e1ctico y detallado en la elaboraci\u00f3n de los documentos de gesti\u00f3n institucional: el Proyecto Educativo Institucional (PEI), el Plan Anual de Trabajo (PAT), el Reglamento Interno (RI) y el Proyecto Curricular Institucional (PCI).<\/p>\n\n\n\n<p>Durante la ceremonia de clausura, la directora de la UGEL Chucuito-Juli, Dra. Gladys C\u00e1ceres Colquehuanca, destac\u00f3 el esfuerzo y compromiso de los directores, resaltando la importancia de contar con instrumentos de gesti\u00f3n actualizados para garantizar una administraci\u00f3n eficiente y una planificaci\u00f3n estrat\u00e9gica en las instituciones educativas.<\/p>\n\n\n\n<p>\u00abUna gesti\u00f3n \u00f3ptima requiere bases s\u00f3lidas, y estos documentos son herramientas clave para organizar, proyectar y mejorar la calidad educativa en nuestras escuelas\u00bb, enfatiz\u00f3 la directora.<\/p>\n\n\n\n<p>Al finalizar la jornada, se hizo entrega de planificadores a cada director, con el prop\u00f3sito de fortalecer la organizaci\u00f3n y facilitar la planificaci\u00f3n de actividades para el a\u00f1o escolar. Adem\u00e1s, la Dra. C\u00e1ceres anunci\u00f3 que en los pr\u00f3ximos meses se desarrollar\u00e1n m\u00e1s talleres, con un enfoque pr\u00e1ctico, que permitir\u00e1 a los participantes aplicar los conocimientos adquiridos de manera efectiva en su gesti\u00f3n diaria. Finalmente invoc\u00f3 a los directores \u201creafirmemos nuestro compromiso con la formaci\u00f3n y el fortalecimiento de la gesti\u00f3n educativa, apostemos por un trabajo colaborativo en beneficio de toda la comunidad escolar.<\/p>\n","protected":false},"excerpt":{"rendered":"<p>COMPROMISO Y ACCI\u00d3N PARA UNA GESTI\u00d3N EDUCATIVA EFICIENTE, UGEL CHUCUITO-JULI CULMINA CON \u00c9XITO CICLO DE TALLERES: CONSTRUCCI\u00d3N DE DOCUMENTOS DE GESTI\u00d3N PARA DIRECTORES. Juli, 25 de febrero de 2025 .- Con gran \u00e9xito concluy\u00f3 el ciclo de talleres presenciales dirigidos a los directores de instituciones educativas de nivel inicial, primaria y secundaria del \u00e1mbito de [&hellip;]<\/p>\n","protected":false},"author":212,"featured_media":0,"comment_status":"open","ping_status":"open","sticky":false,"template":"","format":"standard","meta":{"footnotes":""},"categories":[],"tags":[],"class_list":["post-27280","post","type-post","status-publish","format-standard","hentry"],"_links":{"self":[{"href":"https:\/\/ugelchucuito.edu.pe\/portal\/wp-json\/wp\/v2\/posts\/27280","targetHints":{"allow":["GET"]}}],"collection":[{"href":"https:\/\/ugelchucuito.edu.pe\/portal\/wp-json\/wp\/v2\/posts"}],"about":[{"href":"https:\/\/ugelchucuito.edu.pe\/portal\/wp-json\/wp\/v2\/types\/post"}],"author":[{"embeddable":true,"href":"https:\/\/ugelchucuito.edu.pe\/portal\/wp-json\/wp\/v2\/users\/212"}],"replies":[{"embeddable":true,"href":"https:\/\/ugelchucuito.edu.pe\/portal\/wp-json\/wp\/v2\/comments?post=27280"}],"version-history":[{"count":1,"href":"https:\/\/ugelchucuito.edu.pe\/portal\/wp-json\/wp\/v2\/posts\/27280\/revisions"}],"predecessor-version":[{"id":27282,"href":"https:\/\/ugelchucuito.edu.pe\/portal\/wp-json\/wp\/v2\/posts\/27280\/revisions\/27282"}],"wp:attachment":[{"href":"https:\/\/ugelchucuito.edu.pe\/portal\/wp-json\/wp\/v2\/media?parent=27280"}],"wp:term":[{"taxonomy":"category","embeddable":true,"href":"https:\/\/ugelchucuito.edu.pe\/portal\/wp-json\/wp\/v2\/categories?post=27280"},{"taxonomy":"post_tag","embeddable":true,"href":"https:\/\/ugelchucuito.edu.pe\/portal\/wp-json\/wp\/v2\/tags?post=27280"}],"curies":[{"name":"wp","href":"https:\/\/api.w.org\/{rel}","templated":true}]}}