{"id":27283,"date":"2025-02-25T17:27:50","date_gmt":"2025-02-25T22:27:50","guid":{"rendered":"https:\/\/ugelchucuito.edu.pe\/portal\/?p=27283"},"modified":"2025-02-25T17:27:51","modified_gmt":"2025-02-25T22:27:51","slug":"27283-2","status":"publish","type":"post","link":"https:\/\/ugelchucuito.edu.pe\/portal\/2025\/02\/25\/27283-2\/","title":{"rendered":""},"content":{"rendered":"\n<h3 class=\"wp-block-heading\"><strong>EDUCACI\u00d3N Y PREVENCI\u00d3N: UGEL CHUCUITO-JULI Y CEM ARTICULAN ESTRATEGIAS CONTRA LA VIOLENCIA<\/strong><\/h3>\n\n\n\n<p>Juli, 25\/02\/ 2025.- Con el prop\u00f3sito de fortalecer la prevenci\u00f3n de la violencia en el \u00e1mbito educativo, la directora de la UGEL Chucuito-Juli, Dra. Gladys C\u00e1ceres, sostuvo una reuni\u00f3n con la responsable del Centro Emergencia Mujer (CEM), Lic. Gladis Machaca.<\/p>\n\n\n\n<p>Durante el encuentro, se coordinaron acciones conjuntas para articular el trabajo del CEM con los espacios de Tutor\u00eda y Convivencia Escolar en las instituciones educativas focalizadas. A trav\u00e9s de estas intervenciones, se busca sensibilizar y empoderar a la comunidad educativa en la promoci\u00f3n de relaciones saludables, equitativas y libres de violencia.<\/p>\n\n\n\n<p>La directora de la UGEL destac\u00f3 la importancia de no solo estar atentos ante hechos de violencia, sino tambi\u00e9n de evitar su normalizaci\u00f3n. <em>\u00abNo podemos permitir que la violencia contra la mujer y las poblaciones vulnerables sea vista como algo cotidiano. Nuestra tarea es erradicarla desde la educaci\u00f3n, con acciones concretas en tutor\u00eda y convivencia escolar\u201d<\/em>, afirm\u00f3 la Dra. C\u00e1ceres.<\/p>\n\n\n\n<p><\/p>\n","protected":false},"excerpt":{"rendered":"<p>EDUCACI\u00d3N Y PREVENCI\u00d3N: UGEL CHUCUITO-JULI Y CEM ARTICULAN ESTRATEGIAS CONTRA LA VIOLENCIA Juli, 25\/02\/ 2025.- Con el prop\u00f3sito de fortalecer la prevenci\u00f3n de la violencia en el \u00e1mbito educativo, la directora de la UGEL Chucuito-Juli, Dra. Gladys C\u00e1ceres, sostuvo una reuni\u00f3n con la responsable del Centro Emergencia Mujer (CEM), Lic. Gladis Machaca. Durante el encuentro, [&hellip;]<\/p>\n","protected":false},"author":212,"featured_media":0,"comment_status":"open","ping_status":"open","sticky":false,"template":"","format":"standard","meta":{"footnotes":""},"categories":[],"tags":[],"class_list":["post-27283","post","type-post","status-publish","format-standard","hentry"],"_links":{"self":[{"href":"https:\/\/ugelchucuito.edu.pe\/portal\/wp-json\/wp\/v2\/posts\/27283","targetHints":{"allow":["GET"]}}],"collection":[{"href":"https:\/\/ugelchucuito.edu.pe\/portal\/wp-json\/wp\/v2\/posts"}],"about":[{"href":"https:\/\/ugelchucuito.edu.pe\/portal\/wp-json\/wp\/v2\/types\/post"}],"author":[{"embeddable":true,"href":"https:\/\/ugelchucuito.edu.pe\/portal\/wp-json\/wp\/v2\/users\/212"}],"replies":[{"embeddable":true,"href":"https:\/\/ugelchucuito.edu.pe\/portal\/wp-json\/wp\/v2\/comments?post=27283"}],"version-history":[{"count":1,"href":"https:\/\/ugelchucuito.edu.pe\/portal\/wp-json\/wp\/v2\/posts\/27283\/revisions"}],"predecessor-version":[{"id":27285,"href":"https:\/\/ugelchucuito.edu.pe\/portal\/wp-json\/wp\/v2\/posts\/27283\/revisions\/27285"}],"wp:attachment":[{"href":"https:\/\/ugelchucuito.edu.pe\/portal\/wp-json\/wp\/v2\/media?parent=27283"}],"wp:term":[{"taxonomy":"category","embeddable":true,"href":"https:\/\/ugelchucuito.edu.pe\/portal\/wp-json\/wp\/v2\/categories?post=27283"},{"taxonomy":"post_tag","embeddable":true,"href":"https:\/\/ugelchucuito.edu.pe\/portal\/wp-json\/wp\/v2\/tags?post=27283"}],"curies":[{"name":"wp","href":"https:\/\/api.w.org\/{rel}","templated":true}]}}