{"id":27301,"date":"2025-02-26T11:52:59","date_gmt":"2025-02-26T16:52:59","guid":{"rendered":"https:\/\/ugelchucuito.edu.pe\/portal\/?p=27301"},"modified":"2025-02-26T11:53:00","modified_gmt":"2025-02-26T16:53:00","slug":"27301-2","status":"publish","type":"post","link":"https:\/\/ugelchucuito.edu.pe\/portal\/2025\/02\/26\/27301-2\/","title":{"rendered":""},"content":{"rendered":"\n<p>La directora, jefes de \u00e1rea, especialistas y personal administrativo del corporativo de la Unidad de Gesti\u00f3n Educativa Local Chucuito- Juli, tienen el agrado de invitar a usted a la Ceremonia de Entrega de Resoluciones a Especialistas de gesti\u00f3n pedag\u00f3gica y nombramiento docente de CETPRO en el \u00e1mbito de la UGEL Chucuito &#8211; Juli.<\/p>\n\n\n\n<p>\ud83d\udcc5 Fecha: jueves 27 de febrero.<\/p>\n\n\n\n<p>\ud83d\udd52 Hora: 3:00 p.m.<\/p>\n\n\n\n<p>\ud83d\udccd Lugar: Sal\u00f3n de eventos de la UGEL Chucuito &#8211; Juli.<\/p>\n\n\n\n<p class=\"has-small-font-size\"><\/p>\n","protected":false},"excerpt":{"rendered":"<p>La directora, jefes de \u00e1rea, especialistas y personal administrativo del corporativo de la Unidad de Gesti\u00f3n Educativa Local Chucuito- Juli, tienen el agrado de invitar a usted a la Ceremonia de Entrega de Resoluciones a Especialistas de gesti\u00f3n pedag\u00f3gica y nombramiento docente de CETPRO en el \u00e1mbito de la UGEL Chucuito &#8211; Juli. \ud83d\udcc5 Fecha: [&hellip;]<\/p>\n","protected":false},"author":212,"featured_media":0,"comment_status":"open","ping_status":"open","sticky":false,"template":"","format":"standard","meta":{"footnotes":""},"categories":[],"tags":[],"class_list":["post-27301","post","type-post","status-publish","format-standard","hentry"],"_links":{"self":[{"href":"https:\/\/ugelchucuito.edu.pe\/portal\/wp-json\/wp\/v2\/posts\/27301","targetHints":{"allow":["GET"]}}],"collection":[{"href":"https:\/\/ugelchucuito.edu.pe\/portal\/wp-json\/wp\/v2\/posts"}],"about":[{"href":"https:\/\/ugelchucuito.edu.pe\/portal\/wp-json\/wp\/v2\/types\/post"}],"author":[{"embeddable":true,"href":"https:\/\/ugelchucuito.edu.pe\/portal\/wp-json\/wp\/v2\/users\/212"}],"replies":[{"embeddable":true,"href":"https:\/\/ugelchucuito.edu.pe\/portal\/wp-json\/wp\/v2\/comments?post=27301"}],"version-history":[{"count":1,"href":"https:\/\/ugelchucuito.edu.pe\/portal\/wp-json\/wp\/v2\/posts\/27301\/revisions"}],"predecessor-version":[{"id":27303,"href":"https:\/\/ugelchucuito.edu.pe\/portal\/wp-json\/wp\/v2\/posts\/27301\/revisions\/27303"}],"wp:attachment":[{"href":"https:\/\/ugelchucuito.edu.pe\/portal\/wp-json\/wp\/v2\/media?parent=27301"}],"wp:term":[{"taxonomy":"category","embeddable":true,"href":"https:\/\/ugelchucuito.edu.pe\/portal\/wp-json\/wp\/v2\/categories?post=27301"},{"taxonomy":"post_tag","embeddable":true,"href":"https:\/\/ugelchucuito.edu.pe\/portal\/wp-json\/wp\/v2\/tags?post=27301"}],"curies":[{"name":"wp","href":"https:\/\/api.w.org\/{rel}","templated":true}]}}