{"id":2752,"date":"2018-05-24T10:00:00","date_gmt":"2018-05-24T15:00:00","guid":{"rendered":"http:\/\/ugelchucuito.edu.pe\/portal\/?p=2752"},"modified":"2018-05-24T12:25:44","modified_gmt":"2018-05-24T17:25:44","slug":"convocatoria-de-personal-cas-jec-care-rural","status":"publish","type":"post","link":"https:\/\/ugelchucuito.edu.pe\/portal\/2018\/05\/24\/convocatoria-de-personal-cas-jec-care-rural\/","title":{"rendered":"CONVOCATORIA DE PERSONAL CAS JEC &#8211; CARE RURAL"},"content":{"rendered":"<p>Convocatoria para plaza vacante de Coordinador Administrativo y de Recursos Educativos para el \u00c1mbito Rural <strong>(CARE RURAL)<\/strong>, generado por abandono de cargo del Sr. Julio C\u00e9sar Canque Ramos, en la <strong>IESA JEC Molino<\/strong> (Oficio N\u00b0 038-DREP-UGEL-CH\/J-IESA\/MJ), para postulantes aptos que quedaron en el ranking.<\/p>\n<p>La adjudicaci\u00f3n se realizar\u00e1 en d\u00eda viernes 25 de mayo de 2018 a las 3:30 pm, en estricto orden de m\u00e9rito.<\/p>\n<p>Descargar <a href=\"http:\/\/ugelchucuito.edu.pe\/portal\/wp-content\/uploads\/2018\/05\/RESULTADOS-FINALES-CARE-RURAL.pdf\" target=\"_blank\" rel=\"noopener\">RANKING CARE RURAL<\/a><\/p>\n<p>La Comisi\u00f3n.<\/p>\n","protected":false},"excerpt":{"rendered":"<p>Convocatoria para plaza vacante de Coordinador Administrativo y de Recursos Educativos para el \u00c1mbito Rural (CARE RURAL), generado por abandono de cargo del Sr. Julio C\u00e9sar Canque Ramos, en la IESA JEC Molino (Oficio N\u00b0 038-DREP-UGEL-CH\/J-IESA\/MJ), para postulantes aptos que quedaron en el ranking. La adjudicaci\u00f3n se realizar\u00e1 en d\u00eda viernes 25 de mayo de [&hellip;]<\/p>\n","protected":false},"author":2,"featured_media":0,"comment_status":"open","ping_status":"open","sticky":false,"template":"","format":"standard","meta":{"footnotes":""},"categories":[],"tags":[],"class_list":["post-2752","post","type-post","status-publish","format-standard","hentry"],"_links":{"self":[{"href":"https:\/\/ugelchucuito.edu.pe\/portal\/wp-json\/wp\/v2\/posts\/2752","targetHints":{"allow":["GET"]}}],"collection":[{"href":"https:\/\/ugelchucuito.edu.pe\/portal\/wp-json\/wp\/v2\/posts"}],"about":[{"href":"https:\/\/ugelchucuito.edu.pe\/portal\/wp-json\/wp\/v2\/types\/post"}],"author":[{"embeddable":true,"href":"https:\/\/ugelchucuito.edu.pe\/portal\/wp-json\/wp\/v2\/users\/2"}],"replies":[{"embeddable":true,"href":"https:\/\/ugelchucuito.edu.pe\/portal\/wp-json\/wp\/v2\/comments?post=2752"}],"version-history":[{"count":4,"href":"https:\/\/ugelchucuito.edu.pe\/portal\/wp-json\/wp\/v2\/posts\/2752\/revisions"}],"predecessor-version":[{"id":2772,"href":"https:\/\/ugelchucuito.edu.pe\/portal\/wp-json\/wp\/v2\/posts\/2752\/revisions\/2772"}],"wp:attachment":[{"href":"https:\/\/ugelchucuito.edu.pe\/portal\/wp-json\/wp\/v2\/media?parent=2752"}],"wp:term":[{"taxonomy":"category","embeddable":true,"href":"https:\/\/ugelchucuito.edu.pe\/portal\/wp-json\/wp\/v2\/categories?post=2752"},{"taxonomy":"post_tag","embeddable":true,"href":"https:\/\/ugelchucuito.edu.pe\/portal\/wp-json\/wp\/v2\/tags?post=2752"}],"curies":[{"name":"wp","href":"https:\/\/api.w.org\/{rel}","templated":true}]}}