{"id":278,"date":"2017-07-06T21:37:38","date_gmt":"2017-07-07T02:37:38","guid":{"rendered":"http:\/\/ugelchucuito.edu.pe\/portal\/?p=278"},"modified":"2017-07-09T21:44:15","modified_gmt":"2017-07-10T02:44:15","slug":"atencion-directoras-y-directores-de-iiee-en-la-ugel-chucuito-reunion-de-trabajo-inicial-primaria-y-secundaria","status":"publish","type":"post","link":"https:\/\/ugelchucuito.edu.pe\/portal\/2017\/07\/06\/atencion-directoras-y-directores-de-iiee-en-la-ugel-chucuito-reunion-de-trabajo-inicial-primaria-y-secundaria\/","title":{"rendered":"ATENCI\u00d3N DIRECTORAS Y DIRECTORES REUNI\u00d3N DE TRABAJO: INICIAL, PRIMARIA Y SECUNDARIA"},"content":{"rendered":"<p>Estimad@s Directores y Directores de los niveles: Inicial, Primaria y Secundaria.<\/p>\n<p>El \u00c1rea de Gesti\u00f3n Pedag\u00f3gica de la UGEL Chucuito tiene programado realizar una\u00a0<strong>REUNI\u00d3N DE TRABAJO CON DIRECTORES DE LOS NIVELES INICIAL PRIMARIA Y SECUNDARIA DE LA UGEL<\/strong><strong>\u00a0CHUCUITO JULI<\/strong>\u00a0con la finalidad de fortalecer el liderazgo pedag\u00f3gico de los Directores de Instituci\u00f3n Educativa en relaci\u00f3n a monitoreo y acompa\u00f1amiento pedag\u00f3gico, compromisos de gesti\u00f3n y otros propios de su rol. El mismo que se desarrollar\u00e1 conforme al siguiente detalle:<\/p>\n<table>\n<tbody>\n<tr>\n<td>PARTICIPANTES<\/td>\n<td>LOCAL<\/td>\n<td>FECHAS<\/td>\n<td>HORARIO<\/td>\n<\/tr>\n<tr>\n<td>directores y directorasnivel inicial<\/td>\n<td>MUSEO MUNICIPAL<\/td>\n<td>LUNES<br \/>\n10 DE JULIO<\/td>\n<td>8:30 \u2013 14:00<\/td>\n<\/tr>\n<tr>\n<td>directores y directorasnivel PRIMARIA<\/td>\n<td>MUSEO MUNICIPAL<\/td>\n<td>MARTES<br \/>\n11 DE JULIO<\/td>\n<td>8:30 \u2013 14:00<\/td>\n<\/tr>\n<tr>\n<td>directores y directorasnivel SECUNDARIA<\/td>\n<td>SAL\u00d3N CONSISTORIAL<\/td>\n<td>MARTES<br \/>\n11 DE JULIO<\/td>\n<td>8:30 \u2013 14:00<\/td>\n<\/tr>\n<\/tbody>\n<\/table>\n<p>Para ello deber\u00e1n portar: RM N\u00b0 627-2016-MINEDU<strong>,\u00a0<\/strong>fasc\u00edculo de \u201cCompromisos de gesti\u00f3n escolar y plan anual de trabajo de la IE 2017\u201d, Plan de Monitoreo, PAT de su IE.<\/p>\n<h3><strong>La teor\u00eda es vana cuando no se concreta en la realidad.<\/strong><\/h3>\n<h3><a href=\"http:\/\/ugelchucuito.edu.pe\/portal\/2017\/07\/04\/comunicado-urgente-a-docentes-que-cumplen-25-y-30-anos-de-servicio\/\" target=\"_blank\" rel=\"noopener\">DESCARGAR\u00a0OFICIO<\/a><\/h3>\n","protected":false},"excerpt":{"rendered":"<p>Estimad@s Directores y Directores de los niveles: Inicial, Primaria y Secundaria. El \u00c1rea de Gesti\u00f3n Pedag\u00f3gica de la UGEL Chucuito tiene programado realizar una\u00a0REUNI\u00d3N DE TRABAJO CON DIRECTORES DE LOS NIVELES INICIAL PRIMARIA Y SECUNDARIA DE LA UGEL\u00a0CHUCUITO JULI\u00a0con la finalidad de fortalecer el liderazgo pedag\u00f3gico de los Directores de Instituci\u00f3n Educativa en relaci\u00f3n a [&hellip;]<\/p>\n","protected":false},"author":1,"featured_media":0,"comment_status":"open","ping_status":"open","sticky":false,"template":"","format":"standard","meta":{"footnotes":""},"categories":[],"tags":[],"class_list":["post-278","post","type-post","status-publish","format-standard","hentry"],"_links":{"self":[{"href":"https:\/\/ugelchucuito.edu.pe\/portal\/wp-json\/wp\/v2\/posts\/278","targetHints":{"allow":["GET"]}}],"collection":[{"href":"https:\/\/ugelchucuito.edu.pe\/portal\/wp-json\/wp\/v2\/posts"}],"about":[{"href":"https:\/\/ugelchucuito.edu.pe\/portal\/wp-json\/wp\/v2\/types\/post"}],"author":[{"embeddable":true,"href":"https:\/\/ugelchucuito.edu.pe\/portal\/wp-json\/wp\/v2\/users\/1"}],"replies":[{"embeddable":true,"href":"https:\/\/ugelchucuito.edu.pe\/portal\/wp-json\/wp\/v2\/comments?post=278"}],"version-history":[{"count":4,"href":"https:\/\/ugelchucuito.edu.pe\/portal\/wp-json\/wp\/v2\/posts\/278\/revisions"}],"predecessor-version":[{"id":284,"href":"https:\/\/ugelchucuito.edu.pe\/portal\/wp-json\/wp\/v2\/posts\/278\/revisions\/284"}],"wp:attachment":[{"href":"https:\/\/ugelchucuito.edu.pe\/portal\/wp-json\/wp\/v2\/media?parent=278"}],"wp:term":[{"taxonomy":"category","embeddable":true,"href":"https:\/\/ugelchucuito.edu.pe\/portal\/wp-json\/wp\/v2\/categories?post=278"},{"taxonomy":"post_tag","embeddable":true,"href":"https:\/\/ugelchucuito.edu.pe\/portal\/wp-json\/wp\/v2\/tags?post=278"}],"curies":[{"name":"wp","href":"https:\/\/api.w.org\/{rel}","templated":true}]}}