{"id":27849,"date":"2025-03-28T09:16:00","date_gmt":"2025-03-28T14:16:00","guid":{"rendered":"https:\/\/ugelchucuito.edu.pe\/portal\/?p=27849"},"modified":"2025-03-28T17:24:41","modified_gmt":"2025-03-28T22:24:41","slug":"27849-2","status":"publish","type":"post","link":"https:\/\/ugelchucuito.edu.pe\/portal\/2025\/03\/28\/27849-2\/","title":{"rendered":""},"content":{"rendered":"\n<p><strong>UGEL Chucuito &#8211; Juli reconoce el esfuerzo de 149 maestros en su ascenso de escala magisterial<\/strong><\/p>\n\n\n\n<p>Juli, 27 de marzo de 2024. \u2013 En una emotiva ceremonia realizada la tarde del \u00faltimo 27 de marzo, la Unidad de Gesti\u00f3n Educativa Local (UGEL) Chucuito &#8211; Juli hizo entrega de resoluciones a <strong>149 docentes<\/strong> que, tras un arduo proceso de evaluaci\u00f3n, lograron su <strong>ascenso de escala magisterial<\/strong> en el presente a\u00f1o.<\/p>\n\n\n\n<p>El evento fue encabezado por la directora de la UGEL Chucuito &#8211; Juli, <strong>Dra. Ayda Gladys C\u00e1ceres Colquehuanca<\/strong>, junto a los jefes de \u00e1rea, quienes destacaron el m\u00e9rito y la dedicaci\u00f3n de los docentes beneficiados.<\/p>\n\n\n\n<p>Durante su intervenci\u00f3n, la directora resalt\u00f3 que este logro debe ser un incentivo para continuar en la senda del crecimiento profesional y el servicio a los estudiantes.<strong>\u201cQue estos logros obtenidos por ustedes se reflejen en cada uno de sus estudiantes. La carrera magisterial es una de las m\u00e1s nobles y requiere de compromiso y vocaci\u00f3n\u201d<\/strong>, expres\u00f3.<\/p>\n\n\n\n<p>Posteriormente, se procedi\u00f3 a la entrega de resoluciones a cada docente, documento que certifica su ascenso y reconoce su esfuerzo en beneficio de la educaci\u00f3n de la regi\u00f3n.<\/p>\n","protected":false},"excerpt":{"rendered":"<p>UGEL Chucuito &#8211; Juli reconoce el esfuerzo de 149 maestros en su ascenso de escala magisterial Juli, 27 de marzo de 2024. \u2013 En una emotiva ceremonia realizada la tarde del \u00faltimo 27 de marzo, la Unidad de Gesti\u00f3n Educativa Local (UGEL) Chucuito &#8211; Juli hizo entrega de resoluciones a 149 docentes que, tras un [&hellip;]<\/p>\n","protected":false},"author":212,"featured_media":0,"comment_status":"open","ping_status":"open","sticky":false,"template":"","format":"standard","meta":{"footnotes":""},"categories":[],"tags":[],"class_list":["post-27849","post","type-post","status-publish","format-standard","hentry"],"_links":{"self":[{"href":"https:\/\/ugelchucuito.edu.pe\/portal\/wp-json\/wp\/v2\/posts\/27849","targetHints":{"allow":["GET"]}}],"collection":[{"href":"https:\/\/ugelchucuito.edu.pe\/portal\/wp-json\/wp\/v2\/posts"}],"about":[{"href":"https:\/\/ugelchucuito.edu.pe\/portal\/wp-json\/wp\/v2\/types\/post"}],"author":[{"embeddable":true,"href":"https:\/\/ugelchucuito.edu.pe\/portal\/wp-json\/wp\/v2\/users\/212"}],"replies":[{"embeddable":true,"href":"https:\/\/ugelchucuito.edu.pe\/portal\/wp-json\/wp\/v2\/comments?post=27849"}],"version-history":[{"count":1,"href":"https:\/\/ugelchucuito.edu.pe\/portal\/wp-json\/wp\/v2\/posts\/27849\/revisions"}],"predecessor-version":[{"id":27853,"href":"https:\/\/ugelchucuito.edu.pe\/portal\/wp-json\/wp\/v2\/posts\/27849\/revisions\/27853"}],"wp:attachment":[{"href":"https:\/\/ugelchucuito.edu.pe\/portal\/wp-json\/wp\/v2\/media?parent=27849"}],"wp:term":[{"taxonomy":"category","embeddable":true,"href":"https:\/\/ugelchucuito.edu.pe\/portal\/wp-json\/wp\/v2\/categories?post=27849"},{"taxonomy":"post_tag","embeddable":true,"href":"https:\/\/ugelchucuito.edu.pe\/portal\/wp-json\/wp\/v2\/tags?post=27849"}],"curies":[{"name":"wp","href":"https:\/\/api.w.org\/{rel}","templated":true}]}}