{"id":27856,"date":"2025-03-31T10:19:00","date_gmt":"2025-03-31T15:19:00","guid":{"rendered":"https:\/\/ugelchucuito.edu.pe\/portal\/?p=27856"},"modified":"2025-03-31T15:22:52","modified_gmt":"2025-03-31T20:22:52","slug":"27856-2","status":"publish","type":"post","link":"https:\/\/ugelchucuito.edu.pe\/portal\/2025\/03\/31\/27856-2\/","title":{"rendered":""},"content":{"rendered":"\n<p><strong>UGEL CHUCUITO &#8211; JULI Y<\/strong><strong> <\/strong><strong>LA ESCUELA DE EDUCACI\u00d3N SUPERIOR PEDAG\u00d3GICA P\u00daBLICA DE JULIACA, FIRMAN CONVENIO PARA LA ESPECIALIZACI\u00d3N Y CAPACITACI\u00d3N DOCENTE EN LA PROVINCIA DE CHUCUITO<\/strong><\/p>\n\n\n\n<p>Juliaca, 28 de marzo del presente a\u00f1o.- En un importante paso hacia el fortalecimiento de la formaci\u00f3n docente, la Escuela de Educaci\u00f3n Superior Pedag\u00f3gica P\u00fablica de Juliaca, representada por el Dr. Yuri Fidel Ticona Portugal, y la Unidad de Gesti\u00f3n Educativa Local (UGEL) Chucuito &#8211; Juli, a trav\u00e9s de su directora, la Dra. Ayda Gladys C\u00e1ceres Colquehuanca, concretaron la firma de un convenio interinstitucional.<\/p>\n\n\n\n<p>Este acuerdo tiene como principal objetivo establecer un marco general de cooperaci\u00f3n entre ambas instituciones, con la finalidad de desarrollar programas de especializaci\u00f3n y capacitaci\u00f3n dirigidos a docentes de Educaci\u00f3n B\u00e1sica Regular (EBR), Educaci\u00f3n B\u00e1sica Especial (EBE), Educaci\u00f3n B\u00e1sica Alternativa (EBA) y Centros de Educaci\u00f3n T\u00e9cnico-Productiva (CETPRO).<\/p>\n\n\n\n<p>A trav\u00e9s de este convenio, se implementar\u00e1n diversas acciones formativas y se aplicar\u00e1n est\u00e1ndares de calidad que permitir\u00e1n responder a las necesidades de formaci\u00f3n de los docentes y directivos, contribuyendo a la mejora continua del sistema educativo en la regi\u00f3n.<\/p>\n\n\n\n<p>Con este compromiso, ambas instituciones reafirman su misi\u00f3n de potenciar el desarrollo profesional docente, asegurando una educaci\u00f3n de calidad para los estudiantes de la provincia de Chucuito.<\/p>\n","protected":false},"excerpt":{"rendered":"<p>UGEL CHUCUITO &#8211; JULI Y LA ESCUELA DE EDUCACI\u00d3N SUPERIOR PEDAG\u00d3GICA P\u00daBLICA DE JULIACA, FIRMAN CONVENIO PARA LA ESPECIALIZACI\u00d3N Y CAPACITACI\u00d3N DOCENTE EN LA PROVINCIA DE CHUCUITO Juliaca, 28 de marzo del presente a\u00f1o.- En un importante paso hacia el fortalecimiento de la formaci\u00f3n docente, la Escuela de Educaci\u00f3n Superior Pedag\u00f3gica P\u00fablica de Juliaca, representada [&hellip;]<\/p>\n","protected":false},"author":212,"featured_media":0,"comment_status":"open","ping_status":"open","sticky":false,"template":"","format":"standard","meta":{"footnotes":""},"categories":[],"tags":[],"class_list":["post-27856","post","type-post","status-publish","format-standard","hentry"],"_links":{"self":[{"href":"https:\/\/ugelchucuito.edu.pe\/portal\/wp-json\/wp\/v2\/posts\/27856","targetHints":{"allow":["GET"]}}],"collection":[{"href":"https:\/\/ugelchucuito.edu.pe\/portal\/wp-json\/wp\/v2\/posts"}],"about":[{"href":"https:\/\/ugelchucuito.edu.pe\/portal\/wp-json\/wp\/v2\/types\/post"}],"author":[{"embeddable":true,"href":"https:\/\/ugelchucuito.edu.pe\/portal\/wp-json\/wp\/v2\/users\/212"}],"replies":[{"embeddable":true,"href":"https:\/\/ugelchucuito.edu.pe\/portal\/wp-json\/wp\/v2\/comments?post=27856"}],"version-history":[{"count":1,"href":"https:\/\/ugelchucuito.edu.pe\/portal\/wp-json\/wp\/v2\/posts\/27856\/revisions"}],"predecessor-version":[{"id":27859,"href":"https:\/\/ugelchucuito.edu.pe\/portal\/wp-json\/wp\/v2\/posts\/27856\/revisions\/27859"}],"wp:attachment":[{"href":"https:\/\/ugelchucuito.edu.pe\/portal\/wp-json\/wp\/v2\/media?parent=27856"}],"wp:term":[{"taxonomy":"category","embeddable":true,"href":"https:\/\/ugelchucuito.edu.pe\/portal\/wp-json\/wp\/v2\/categories?post=27856"},{"taxonomy":"post_tag","embeddable":true,"href":"https:\/\/ugelchucuito.edu.pe\/portal\/wp-json\/wp\/v2\/tags?post=27856"}],"curies":[{"name":"wp","href":"https:\/\/api.w.org\/{rel}","templated":true}]}}