{"id":27881,"date":"2025-04-02T06:08:00","date_gmt":"2025-04-02T11:08:00","guid":{"rendered":"https:\/\/ugelchucuito.edu.pe\/portal\/?p=27881"},"modified":"2025-04-01T18:11:44","modified_gmt":"2025-04-01T23:11:44","slug":"27881-2","status":"publish","type":"post","link":"https:\/\/ugelchucuito.edu.pe\/portal\/2025\/04\/02\/27881-2\/","title":{"rendered":""},"content":{"rendered":"\n<p>En este D\u00eda del Abogado, expresamos nuestro m\u00e1s sincero reconocimiento a los profesionales del derecho que forman parte de la UGEL Chucuito &#8211; Juli. Su compromiso con la justicia, la educaci\u00f3n y el bienestar de nuestra comunidad es fundamental para garantizar una gesti\u00f3n transparente y enmarcada en la legalidad.<\/p>\n\n\n\n<p>Gracias por su dedicaci\u00f3n y esfuerzo diario en la defensa de los derechos educativos y en la construcci\u00f3n de un sistema m\u00e1s justo para nuestros estudiantes y docentes. \u00a1Que sigan ejerciendo su labor con vocaci\u00f3n, \u00e9tica y profesionalismo!<\/p>\n\n\n\n<p><strong>\u00a1Feliz D\u00eda del Abogado!<\/strong><\/p>\n\n\n\n<p><\/p>\n","protected":false},"excerpt":{"rendered":"<p>En este D\u00eda del Abogado, expresamos nuestro m\u00e1s sincero reconocimiento a los profesionales del derecho que forman parte de la UGEL Chucuito &#8211; Juli. Su compromiso con la justicia, la educaci\u00f3n y el bienestar de nuestra comunidad es fundamental para garantizar una gesti\u00f3n transparente y enmarcada en la legalidad. Gracias por su dedicaci\u00f3n y esfuerzo [&hellip;]<\/p>\n","protected":false},"author":212,"featured_media":0,"comment_status":"open","ping_status":"open","sticky":false,"template":"","format":"standard","meta":{"footnotes":""},"categories":[],"tags":[],"class_list":["post-27881","post","type-post","status-publish","format-standard","hentry"],"_links":{"self":[{"href":"https:\/\/ugelchucuito.edu.pe\/portal\/wp-json\/wp\/v2\/posts\/27881","targetHints":{"allow":["GET"]}}],"collection":[{"href":"https:\/\/ugelchucuito.edu.pe\/portal\/wp-json\/wp\/v2\/posts"}],"about":[{"href":"https:\/\/ugelchucuito.edu.pe\/portal\/wp-json\/wp\/v2\/types\/post"}],"author":[{"embeddable":true,"href":"https:\/\/ugelchucuito.edu.pe\/portal\/wp-json\/wp\/v2\/users\/212"}],"replies":[{"embeddable":true,"href":"https:\/\/ugelchucuito.edu.pe\/portal\/wp-json\/wp\/v2\/comments?post=27881"}],"version-history":[{"count":1,"href":"https:\/\/ugelchucuito.edu.pe\/portal\/wp-json\/wp\/v2\/posts\/27881\/revisions"}],"predecessor-version":[{"id":27883,"href":"https:\/\/ugelchucuito.edu.pe\/portal\/wp-json\/wp\/v2\/posts\/27881\/revisions\/27883"}],"wp:attachment":[{"href":"https:\/\/ugelchucuito.edu.pe\/portal\/wp-json\/wp\/v2\/media?parent=27881"}],"wp:term":[{"taxonomy":"category","embeddable":true,"href":"https:\/\/ugelchucuito.edu.pe\/portal\/wp-json\/wp\/v2\/categories?post=27881"},{"taxonomy":"post_tag","embeddable":true,"href":"https:\/\/ugelchucuito.edu.pe\/portal\/wp-json\/wp\/v2\/tags?post=27881"}],"curies":[{"name":"wp","href":"https:\/\/api.w.org\/{rel}","templated":true}]}}