{"id":27884,"date":"2025-04-02T06:12:00","date_gmt":"2025-04-02T11:12:00","guid":{"rendered":"https:\/\/ugelchucuito.edu.pe\/portal\/?p=27884"},"modified":"2025-04-01T18:15:22","modified_gmt":"2025-04-01T23:15:22","slug":"27884-2","status":"publish","type":"post","link":"https:\/\/ugelchucuito.edu.pe\/portal\/2025\/04\/02\/27884-2\/","title":{"rendered":""},"content":{"rendered":"\n<p>La directora de la UGEL Chucuito &#8211; Juli, <strong>Dra. Ayda Gladys C\u00e1ceres Colquehuanca<\/strong>, junto a los jefes de \u00e1rea de Gesti\u00f3n Institucional, Gesti\u00f3n Administrativa y Gesti\u00f3n Pedag\u00f3gica, expresan su saludo a la ciudad de Juli \u201c La peque\u00f1a Roma de America\u201d al conmemorar en la fecha el CDLX aniversario de la fundaci\u00f3n espa\u00f1ola.<\/p>\n\n\n\n<p>A trav\u00e9s de su alcalde, <strong>Ing. V\u00edctor<\/strong><strong> <\/strong><strong>Ra\u00fal Anchapuri Zapata<\/strong>, hacemos llegar nuestros mejores deseos a las autoridades presentes, instituciones p\u00fablicas y privadas, organizaciones sociales, comunidades y poblaci\u00f3n de la ciudad de Juli.<\/p>\n\n\n\n<p>Reafirmamos nuestro compromiso de seguir trabajando por una educaci\u00f3n de calidad, con una gesti\u00f3n eficiente y orientada al desarrollo integral de nuestra ni\u00f1ez y juventud.<\/p>\n\n\n\n<p>Que este aniversario nos inspire a fortalecer nuestra identidad, fomentar la unidad y seguir construyendo juntos un futuro lleno de oportunidades para nuestra querida Juli.<\/p>\n\n\n\n<p><strong>\u00a1Feliz<\/strong><strong> <\/strong><strong>aniversario Juli!<\/strong><\/p>\n","protected":false},"excerpt":{"rendered":"<p>La directora de la UGEL Chucuito &#8211; Juli, Dra. Ayda Gladys C\u00e1ceres Colquehuanca, junto a los jefes de \u00e1rea de Gesti\u00f3n Institucional, Gesti\u00f3n Administrativa y Gesti\u00f3n Pedag\u00f3gica, expresan su saludo a la ciudad de Juli \u201c La peque\u00f1a Roma de America\u201d al conmemorar en la fecha el CDLX aniversario de la fundaci\u00f3n espa\u00f1ola. A trav\u00e9s [&hellip;]<\/p>\n","protected":false},"author":212,"featured_media":0,"comment_status":"open","ping_status":"open","sticky":false,"template":"","format":"standard","meta":{"footnotes":""},"categories":[],"tags":[],"class_list":["post-27884","post","type-post","status-publish","format-standard","hentry"],"_links":{"self":[{"href":"https:\/\/ugelchucuito.edu.pe\/portal\/wp-json\/wp\/v2\/posts\/27884","targetHints":{"allow":["GET"]}}],"collection":[{"href":"https:\/\/ugelchucuito.edu.pe\/portal\/wp-json\/wp\/v2\/posts"}],"about":[{"href":"https:\/\/ugelchucuito.edu.pe\/portal\/wp-json\/wp\/v2\/types\/post"}],"author":[{"embeddable":true,"href":"https:\/\/ugelchucuito.edu.pe\/portal\/wp-json\/wp\/v2\/users\/212"}],"replies":[{"embeddable":true,"href":"https:\/\/ugelchucuito.edu.pe\/portal\/wp-json\/wp\/v2\/comments?post=27884"}],"version-history":[{"count":1,"href":"https:\/\/ugelchucuito.edu.pe\/portal\/wp-json\/wp\/v2\/posts\/27884\/revisions"}],"predecessor-version":[{"id":27886,"href":"https:\/\/ugelchucuito.edu.pe\/portal\/wp-json\/wp\/v2\/posts\/27884\/revisions\/27886"}],"wp:attachment":[{"href":"https:\/\/ugelchucuito.edu.pe\/portal\/wp-json\/wp\/v2\/media?parent=27884"}],"wp:term":[{"taxonomy":"category","embeddable":true,"href":"https:\/\/ugelchucuito.edu.pe\/portal\/wp-json\/wp\/v2\/categories?post=27884"},{"taxonomy":"post_tag","embeddable":true,"href":"https:\/\/ugelchucuito.edu.pe\/portal\/wp-json\/wp\/v2\/tags?post=27884"}],"curies":[{"name":"wp","href":"https:\/\/api.w.org\/{rel}","templated":true}]}}