{"id":27904,"date":"2025-04-03T08:21:00","date_gmt":"2025-04-03T13:21:00","guid":{"rendered":"https:\/\/ugelchucuito.edu.pe\/portal\/?p=27904"},"modified":"2025-04-03T15:22:33","modified_gmt":"2025-04-03T20:22:33","slug":"27904-2","status":"publish","type":"post","link":"https:\/\/ugelchucuito.edu.pe\/portal\/2025\/04\/03\/27904-2\/","title":{"rendered":""},"content":{"rendered":"\n<p><strong>UGEL CHUCUITO \u2013 JULI PARTICIPA EN LOS ACTOS CONMEMORATIVOS POR EL 460\u00b0 ANIVERSARIO DE LA FUNDACI\u00d3N ESPA\u00d1OLA DE LA CIUDAD DE JULI<\/strong><\/p>\n\n\n\n<p>Juli, 02 \/04\/2025.- Con motivo del 460\u00b0 aniversario de la fundaci\u00f3n espa\u00f1ola de la ciudad de Juli, la Unidad de Gesti\u00f3n Educativa Local (UGEL) Chucuito \u2013 Juli se sum\u00f3 a las celebraciones oficiales, reafirmando su compromiso con la educaci\u00f3n y el desarrollo de la provincia.<\/p>\n\n\n\n<p>La directora de la UGEL Chucuito \u2013 Juli, Ayda Gladys C\u00e1ceres Colquehuanca, junto con el equipo de trabajo de la instituci\u00f3n, participaron activamente en los actos conmemorativos, iniciando con la solemne Misa Te Deum, seguida de la Sesi\u00f3n Solemne, donde se destacaron los avances y desaf\u00edos de la ciudad en diversos \u00e1mbitos.<\/p>\n\n\n\n<p>Asimismo, en un acto de civismo y compromiso con la identidad local, el personal de la UGEL se uni\u00f3 al desfile c\u00edvico, rindiendo homenaje a la hist\u00f3rica ciudad de Juli y reafirmando su labor en favor de la educaci\u00f3n de la ni\u00f1ez y juventud de la provincia, as\u00ed como su compromiso con la formaci\u00f3n integral de los estudiantes, alineada a los valores hist\u00f3ricos y culturales que identifican a la ciudad de Juli en su 460\u00b0 aniversario.<\/p>\n","protected":false},"excerpt":{"rendered":"<p>UGEL CHUCUITO \u2013 JULI PARTICIPA EN LOS ACTOS CONMEMORATIVOS POR EL 460\u00b0 ANIVERSARIO DE LA FUNDACI\u00d3N ESPA\u00d1OLA DE LA CIUDAD DE JULI Juli, 02 \/04\/2025.- Con motivo del 460\u00b0 aniversario de la fundaci\u00f3n espa\u00f1ola de la ciudad de Juli, la Unidad de Gesti\u00f3n Educativa Local (UGEL) Chucuito \u2013 Juli se sum\u00f3 a las celebraciones oficiales, [&hellip;]<\/p>\n","protected":false},"author":212,"featured_media":0,"comment_status":"open","ping_status":"open","sticky":false,"template":"","format":"standard","meta":{"footnotes":""},"categories":[],"tags":[],"class_list":["post-27904","post","type-post","status-publish","format-standard","hentry"],"_links":{"self":[{"href":"https:\/\/ugelchucuito.edu.pe\/portal\/wp-json\/wp\/v2\/posts\/27904","targetHints":{"allow":["GET"]}}],"collection":[{"href":"https:\/\/ugelchucuito.edu.pe\/portal\/wp-json\/wp\/v2\/posts"}],"about":[{"href":"https:\/\/ugelchucuito.edu.pe\/portal\/wp-json\/wp\/v2\/types\/post"}],"author":[{"embeddable":true,"href":"https:\/\/ugelchucuito.edu.pe\/portal\/wp-json\/wp\/v2\/users\/212"}],"replies":[{"embeddable":true,"href":"https:\/\/ugelchucuito.edu.pe\/portal\/wp-json\/wp\/v2\/comments?post=27904"}],"version-history":[{"count":1,"href":"https:\/\/ugelchucuito.edu.pe\/portal\/wp-json\/wp\/v2\/posts\/27904\/revisions"}],"predecessor-version":[{"id":27906,"href":"https:\/\/ugelchucuito.edu.pe\/portal\/wp-json\/wp\/v2\/posts\/27904\/revisions\/27906"}],"wp:attachment":[{"href":"https:\/\/ugelchucuito.edu.pe\/portal\/wp-json\/wp\/v2\/media?parent=27904"}],"wp:term":[{"taxonomy":"category","embeddable":true,"href":"https:\/\/ugelchucuito.edu.pe\/portal\/wp-json\/wp\/v2\/categories?post=27904"},{"taxonomy":"post_tag","embeddable":true,"href":"https:\/\/ugelchucuito.edu.pe\/portal\/wp-json\/wp\/v2\/tags?post=27904"}],"curies":[{"name":"wp","href":"https:\/\/api.w.org\/{rel}","templated":true}]}}