{"id":27972,"date":"2025-04-07T11:31:00","date_gmt":"2025-04-07T16:31:00","guid":{"rendered":"https:\/\/ugelchucuito.edu.pe\/portal\/?p=27972"},"modified":"2025-04-07T16:50:29","modified_gmt":"2025-04-07T21:50:29","slug":"27972-2","status":"publish","type":"post","link":"https:\/\/ugelchucuito.edu.pe\/portal\/2025\/04\/07\/27972-2\/","title":{"rendered":""},"content":{"rendered":"\n<p><strong>UGEL CHUCUITO \u2013 JULI REAFIRMA SU COMPROMISO CON LA EDUCACI\u00d3N SUPERIOR EN EL SEGUNDO A\u00d1O ACAD\u00c9MICO DE LA FILIAL DE LA UNA PUNO EN JULI<\/strong><\/p>\n\n\n\n<p>En un acto que consolida el trabajo conjunto por el acceso a una educaci\u00f3n superior de calidad en la provincia de Chucuito, la directora de la UGEL Chucuito \u2013 Juli particip\u00f3 activamente en la ceremonia de apertura del segundo a\u00f1o acad\u00e9mico de la filial de la Universidad Nacional del Altiplano de Puno (UNA-Puno) en la ciudad de Juli.<\/p>\n\n\n\n<p>La ceremonia cont\u00f3 con la destacada presencia del vicerrector acad\u00e9mico de la UNA Puno, as\u00ed como de los decanos de las facultades de Ciencias Contables, Arquitectura y Urbanismo, y Agroindustrias, quienes expresaron su satisfacci\u00f3n por el avance de esta importante iniciativa acad\u00e9mica en la regi\u00f3n.<\/p>\n\n\n\n<p>La directora de la UGEL Chucuito \u2013 Juli tuvo el honor de estar a cargo del mensaje de bienvenida dirigido a las autoridades universitarias, resaltando la importancia de contar con una filial universitaria en Juli que responda a las necesidades y aspiraciones de los j\u00f3venes del altiplano. En sus palabras, destac\u00f3 que <em>\u201cla presencia de la universidad en nuestra provincia es una esperanza concreta para nuestras juventudes, quienes ahora pueden formarse profesionalmente sin alejarse de sus familias ni sus comunidades.\u201d<\/em><\/p>\n\n\n\n<p>Durante el acto protocolar, tambi\u00e9n particip\u00f3 en el izamiento de la bandera de Juli, en un gesto de respeto y compromiso institucional. Posteriormente, acompa\u00f1\u00f3 a las autoridades universitarias en una visita a las aulas que recibir\u00e1n a los estudiantes durante este nuevo a\u00f1o acad\u00e9mico. Estas instalaciones funcionan gracias al convenio interinstitucional firmado entre la universidad y las autoridades locales, utilizando parte de la infraestructura de la Instituci\u00f3n Educativa Secundaria Per\u00fa BIRF \u2013 Juli.<\/p>\n\n\n\n<p>Este segundo a\u00f1o de funcionamiento de la filial universitaria marca un nuevo cap\u00edtulo en el fortalecimiento de la educaci\u00f3n superior en zonas descentralizadas, generando m\u00e1s oportunidades para la juventud de la provincia de Chucuito.<\/p>\n","protected":false},"excerpt":{"rendered":"<p>UGEL CHUCUITO \u2013 JULI REAFIRMA SU COMPROMISO CON LA EDUCACI\u00d3N SUPERIOR EN EL SEGUNDO A\u00d1O ACAD\u00c9MICO DE LA FILIAL DE LA UNA PUNO EN JULI En un acto que consolida el trabajo conjunto por el acceso a una educaci\u00f3n superior de calidad en la provincia de Chucuito, la directora de la UGEL Chucuito \u2013 Juli [&hellip;]<\/p>\n","protected":false},"author":212,"featured_media":0,"comment_status":"open","ping_status":"open","sticky":false,"template":"","format":"standard","meta":{"footnotes":""},"categories":[],"tags":[],"class_list":["post-27972","post","type-post","status-publish","format-standard","hentry"],"_links":{"self":[{"href":"https:\/\/ugelchucuito.edu.pe\/portal\/wp-json\/wp\/v2\/posts\/27972","targetHints":{"allow":["GET"]}}],"collection":[{"href":"https:\/\/ugelchucuito.edu.pe\/portal\/wp-json\/wp\/v2\/posts"}],"about":[{"href":"https:\/\/ugelchucuito.edu.pe\/portal\/wp-json\/wp\/v2\/types\/post"}],"author":[{"embeddable":true,"href":"https:\/\/ugelchucuito.edu.pe\/portal\/wp-json\/wp\/v2\/users\/212"}],"replies":[{"embeddable":true,"href":"https:\/\/ugelchucuito.edu.pe\/portal\/wp-json\/wp\/v2\/comments?post=27972"}],"version-history":[{"count":2,"href":"https:\/\/ugelchucuito.edu.pe\/portal\/wp-json\/wp\/v2\/posts\/27972\/revisions"}],"predecessor-version":[{"id":27976,"href":"https:\/\/ugelchucuito.edu.pe\/portal\/wp-json\/wp\/v2\/posts\/27972\/revisions\/27976"}],"wp:attachment":[{"href":"https:\/\/ugelchucuito.edu.pe\/portal\/wp-json\/wp\/v2\/media?parent=27972"}],"wp:term":[{"taxonomy":"category","embeddable":true,"href":"https:\/\/ugelchucuito.edu.pe\/portal\/wp-json\/wp\/v2\/categories?post=27972"},{"taxonomy":"post_tag","embeddable":true,"href":"https:\/\/ugelchucuito.edu.pe\/portal\/wp-json\/wp\/v2\/tags?post=27972"}],"curies":[{"name":"wp","href":"https:\/\/api.w.org\/{rel}","templated":true}]}}