{"id":28067,"date":"2025-04-11T18:09:00","date_gmt":"2025-04-11T23:09:00","guid":{"rendered":"https:\/\/ugelchucuito.edu.pe\/portal\/?p=28067"},"modified":"2025-04-14T17:20:37","modified_gmt":"2025-04-14T22:20:37","slug":"28067-2","status":"publish","type":"post","link":"https:\/\/ugelchucuito.edu.pe\/portal\/2025\/04\/11\/28067-2\/","title":{"rendered":""},"content":{"rendered":"\n<h3 class=\"wp-block-heading\"><strong>UGEL CHUCUITO \u2013 JULI DESARROLLA TERCERA ASISTENCIA T\u00c9CNICA A DIRECTORES DE EDUCACI\u00d3N SECUNDARIA PARA FORTALECER LA GESTI\u00d3N ESCOLAR<\/strong><\/h3>\n\n\n\n<p><strong>Juli, 11 de abril de 2025<\/strong> \u2013 Con el prop\u00f3sito de seguir fortaleciendo la gesti\u00f3n directiva en las instituciones educativas de nivel secundario, la <strong>Unidad de Gesti\u00f3n Educativa Local (UGEL) Chucuito \u2013 Juli<\/strong> llev\u00f3 a cabo con \u00e9xito la <strong>tercera asistencia t\u00e9cnica dirigida a los directores de educaci\u00f3n secundaria<\/strong> del \u00e1mbito jurisdiccional.<\/p>\n\n\n\n<p>Esta importante jornada se desarroll\u00f3 el <strong>viernes 11 de abril<\/strong>, contando con la activa participaci\u00f3n de los <strong>especialistas del nivel secundario<\/strong>, quienes orientaron y acompa\u00f1aron el desarrollo de la actividad.<\/p>\n\n\n\n<p>Durante la asistencia t\u00e9cnica, se compartieron <strong>hallazgos relevantes<\/strong> respecto a los avances y desaf\u00edos identificados en las instituciones educativas. Asimismo, se inform\u00f3 sobre las <strong>tareas pendientes<\/strong> que permitir\u00e1n continuar optimizando la labor directiva, con una mirada centrada en la mejora de los aprendizajes de los estudiantes y la gesti\u00f3n escolar.<\/p>\n\n\n\n<p>El espacio tambi\u00e9n promovi\u00f3 el <strong>intercambio de experiencias<\/strong> y buenas pr\u00e1cticas, consolidando el compromiso de los directores con una gesti\u00f3n cada vez m\u00e1s eficiente, reflexiva y comprometida con la calidad educativa, de esta manera la UGEL Chucuito \u2013 Juli reafirma as\u00ed su compromiso de seguir brindando <strong>acompa\u00f1amiento t\u00e9cnico oportuno<\/strong>, con miras a fortalecer el liderazgo pedag\u00f3gico y administrativo de los directores de las instituciones educativas de nivel secundario.<\/p>\n","protected":false},"excerpt":{"rendered":"<p>UGEL CHUCUITO \u2013 JULI DESARROLLA TERCERA ASISTENCIA T\u00c9CNICA A DIRECTORES DE EDUCACI\u00d3N SECUNDARIA PARA FORTALECER LA GESTI\u00d3N ESCOLAR Juli, 11 de abril de 2025 \u2013 Con el prop\u00f3sito de seguir fortaleciendo la gesti\u00f3n directiva en las instituciones educativas de nivel secundario, la Unidad de Gesti\u00f3n Educativa Local (UGEL) Chucuito \u2013 Juli llev\u00f3 a cabo con [&hellip;]<\/p>\n","protected":false},"author":212,"featured_media":0,"comment_status":"open","ping_status":"open","sticky":false,"template":"","format":"standard","meta":{"footnotes":""},"categories":[],"tags":[],"class_list":["post-28067","post","type-post","status-publish","format-standard","hentry"],"_links":{"self":[{"href":"https:\/\/ugelchucuito.edu.pe\/portal\/wp-json\/wp\/v2\/posts\/28067","targetHints":{"allow":["GET"]}}],"collection":[{"href":"https:\/\/ugelchucuito.edu.pe\/portal\/wp-json\/wp\/v2\/posts"}],"about":[{"href":"https:\/\/ugelchucuito.edu.pe\/portal\/wp-json\/wp\/v2\/types\/post"}],"author":[{"embeddable":true,"href":"https:\/\/ugelchucuito.edu.pe\/portal\/wp-json\/wp\/v2\/users\/212"}],"replies":[{"embeddable":true,"href":"https:\/\/ugelchucuito.edu.pe\/portal\/wp-json\/wp\/v2\/comments?post=28067"}],"version-history":[{"count":1,"href":"https:\/\/ugelchucuito.edu.pe\/portal\/wp-json\/wp\/v2\/posts\/28067\/revisions"}],"predecessor-version":[{"id":28069,"href":"https:\/\/ugelchucuito.edu.pe\/portal\/wp-json\/wp\/v2\/posts\/28067\/revisions\/28069"}],"wp:attachment":[{"href":"https:\/\/ugelchucuito.edu.pe\/portal\/wp-json\/wp\/v2\/media?parent=28067"}],"wp:term":[{"taxonomy":"category","embeddable":true,"href":"https:\/\/ugelchucuito.edu.pe\/portal\/wp-json\/wp\/v2\/categories?post=28067"},{"taxonomy":"post_tag","embeddable":true,"href":"https:\/\/ugelchucuito.edu.pe\/portal\/wp-json\/wp\/v2\/tags?post=28067"}],"curies":[{"name":"wp","href":"https:\/\/api.w.org\/{rel}","templated":true}]}}