{"id":28114,"date":"2025-04-21T17:06:59","date_gmt":"2025-04-21T22:06:59","guid":{"rendered":"https:\/\/ugelchucuito.edu.pe\/portal\/?p=28114"},"modified":"2025-04-21T17:07:00","modified_gmt":"2025-04-21T22:07:00","slug":"28114-2","status":"publish","type":"post","link":"https:\/\/ugelchucuito.edu.pe\/portal\/2025\/04\/21\/28114-2\/","title":{"rendered":""},"content":{"rendered":"\n<p><strong>UGEL CHUCUITO JULI, PARTICIPA DE LA PRESENTACI\u00d3N OFICIAL DE FESTILEC 2025: EN LA INSTITUCION&nbsp; EDUCATIVA&nbsp; SECUNDARIA &nbsp;TELESFORO CATACORA DE JULI, COMO PARTE DEL PLAN LECTOR INSTITUCIONAL<\/strong><\/p>\n\n\n\n<p>Puno, 21 de abril de 2025. \u2013 En el marco del D\u00eda del Idioma y el D\u00eda del Libro, el Colegio Telesforo Catacora de Juli, liderado por el profesor Jos\u00e9 Luis Palomino realiz\u00f3 hoy el lanzamiento oficial del ,festival de lectura&nbsp; \u201cFestilec 2025\u201d como parte de la implementaci\u00f3n del plan lector institucional, un programa que busca fomentar el h\u00e1bito de la lectura entre sus estudiantes.<\/p>\n\n\n\n<p>La ceremonia cont\u00f3 con la participaci\u00f3n del Jefe de Gesti\u00f3n Institucional, Ing. Octavio Aroni Acero, la &nbsp;Jefa de Gesti\u00f3n Pedag\u00f3gica &nbsp;Mg. Mary Elena Baca Ramos y el Especialista de Comunicaci\u00f3n de la UGEL Chucuito-Juli. Oscar Andrade Catacora.<\/p>\n\n\n\n<p>En la ceremonia, se destac\u00f3 la importancia crucial de la lectura no solo para adquirir conocimiento, sino tambi\u00e9n para desarrollar el pensamiento cr\u00edtico y la creatividad.&nbsp; \u00abDesde hoy debemos empezar con el Festilec; nuestros estudiantes inician el reto de leer, leer y seguir leyendo\u00bb, afirm\u00f3 el director de la instituci\u00f3n.<\/p>\n\n\n\n<p>La jornada conmemorativa incluy\u00f3 una &nbsp;escenificaci\u00f3n de \u201cDon Quijote De La Mancha&nbsp; y en otro momento la emotiva remembranza de la partida de Mario Vargas Llosa, coincidiendo con el inicio del Plan Lector del colegio.&nbsp; Se record\u00f3 su legado literario y su impacto en la literatura hispanoamericana.&nbsp;<\/p>\n\n\n\n<p>El Festilec 2025 se presenta como una iniciativa fundamental para impulsar el desarrollo intelectual y cultural de los estudiantes del Colegio Telesforo Catacora. Donde a trav\u00e9s de diversas actividades programadas a lo largo del a\u00f1o, se espera fortalecer la comprensi\u00f3n lectora y fomentar el amor por los libros.&nbsp;Manifest\u00f3 &nbsp;el representante&nbsp; de la UGEL Chucuito- Juli.<\/p>\n","protected":false},"excerpt":{"rendered":"<p>UGEL CHUCUITO JULI, PARTICIPA DE LA PRESENTACI\u00d3N OFICIAL DE FESTILEC 2025: EN LA INSTITUCION&nbsp; EDUCATIVA&nbsp; SECUNDARIA &nbsp;TELESFORO CATACORA DE JULI, COMO PARTE DEL PLAN LECTOR INSTITUCIONAL Puno, 21 de abril de 2025. \u2013 En el marco del D\u00eda del Idioma y el D\u00eda del Libro, el Colegio Telesforo Catacora de Juli, liderado por el profesor [&hellip;]<\/p>\n","protected":false},"author":212,"featured_media":0,"comment_status":"open","ping_status":"open","sticky":false,"template":"","format":"standard","meta":{"footnotes":""},"categories":[],"tags":[],"class_list":["post-28114","post","type-post","status-publish","format-standard","hentry"],"_links":{"self":[{"href":"https:\/\/ugelchucuito.edu.pe\/portal\/wp-json\/wp\/v2\/posts\/28114","targetHints":{"allow":["GET"]}}],"collection":[{"href":"https:\/\/ugelchucuito.edu.pe\/portal\/wp-json\/wp\/v2\/posts"}],"about":[{"href":"https:\/\/ugelchucuito.edu.pe\/portal\/wp-json\/wp\/v2\/types\/post"}],"author":[{"embeddable":true,"href":"https:\/\/ugelchucuito.edu.pe\/portal\/wp-json\/wp\/v2\/users\/212"}],"replies":[{"embeddable":true,"href":"https:\/\/ugelchucuito.edu.pe\/portal\/wp-json\/wp\/v2\/comments?post=28114"}],"version-history":[{"count":1,"href":"https:\/\/ugelchucuito.edu.pe\/portal\/wp-json\/wp\/v2\/posts\/28114\/revisions"}],"predecessor-version":[{"id":28116,"href":"https:\/\/ugelchucuito.edu.pe\/portal\/wp-json\/wp\/v2\/posts\/28114\/revisions\/28116"}],"wp:attachment":[{"href":"https:\/\/ugelchucuito.edu.pe\/portal\/wp-json\/wp\/v2\/media?parent=28114"}],"wp:term":[{"taxonomy":"category","embeddable":true,"href":"https:\/\/ugelchucuito.edu.pe\/portal\/wp-json\/wp\/v2\/categories?post=28114"},{"taxonomy":"post_tag","embeddable":true,"href":"https:\/\/ugelchucuito.edu.pe\/portal\/wp-json\/wp\/v2\/tags?post=28114"}],"curies":[{"name":"wp","href":"https:\/\/api.w.org\/{rel}","templated":true}]}}