{"id":28157,"date":"2025-04-23T08:05:00","date_gmt":"2025-04-23T13:05:00","guid":{"rendered":"https:\/\/ugelchucuito.edu.pe\/portal\/?p=28157"},"modified":"2025-04-23T11:21:22","modified_gmt":"2025-04-23T16:21:22","slug":"28157-2","status":"publish","type":"post","link":"https:\/\/ugelchucuito.edu.pe\/portal\/2025\/04\/23\/28157-2\/","title":{"rendered":""},"content":{"rendered":"\n<p><strong>FORTALECIENDO LA FORMACI\u00d3N DOCENTE: SE FIRMA CONVENIO INTERINSTITUCIONAL ENTRE LA EESPP DE JULIACA Y LA UGEL CHUCUITO \u2013 JULI<\/strong><\/p>\n\n\n\n<p>El pasado 08 de marzo, en un acto que marca un hito en la articulaci\u00f3n entre la formaci\u00f3n inicial docente y la gesti\u00f3n educativa, se llev\u00f3 a cabo la firma del <strong>convenio interinstitucional<\/strong> entre la <strong>Escuela de Educaci\u00f3n Superior Pedag\u00f3gica P\u00fablica de Juliaca (EESPP Juliaca)<\/strong> y la <strong>Unidad de Gesti\u00f3n Educativa Local (UGEL) Chucuito \u2013 Juli<\/strong>.<\/p>\n\n\n\n<p>Este acuerdo tiene como prop\u00f3sito establecer un marco de cooperaci\u00f3n para el desarrollo de actividades acad\u00e9micas, de investigaci\u00f3n, pr\u00e1cticas preprofesionales y profesionales, as\u00ed como la implementaci\u00f3n de estrategias conjuntas que contribuyan al fortalecimiento de la calidad educativa en la provincia de Chucuito.<\/p>\n\n\n\n<p>La firma del convenio representa un compromiso firme por parte de ambas instituciones para trabajar de manera coordinada en beneficio de los futuros docentes y de la comunidad educativa en general. Asimismo, permitir\u00e1 potenciar el v\u00ednculo entre la teor\u00eda pedag\u00f3gica y la realidad del aula, mediante espacios de pr\u00e1ctica profesional en las instituciones educativas del \u00e1mbito de la UGEL Chucuito \u2013 Juli.<\/p>\n\n\n\n<p>Ambas entidades reafirmaron su compromiso con la mejora continua de la educaci\u00f3n y destacaron la importancia de estas alianzas para responder a los desaf\u00edos del sector educativo en la regi\u00f3n de Puno.<\/p>\n","protected":false},"excerpt":{"rendered":"<p>FORTALECIENDO LA FORMACI\u00d3N DOCENTE: SE FIRMA CONVENIO INTERINSTITUCIONAL ENTRE LA EESPP DE JULIACA Y LA UGEL CHUCUITO \u2013 JULI El pasado 08 de marzo, en un acto que marca un hito en la articulaci\u00f3n entre la formaci\u00f3n inicial docente y la gesti\u00f3n educativa, se llev\u00f3 a cabo la firma del convenio interinstitucional entre la Escuela [&hellip;]<\/p>\n","protected":false},"author":212,"featured_media":0,"comment_status":"open","ping_status":"open","sticky":false,"template":"","format":"standard","meta":{"footnotes":""},"categories":[],"tags":[],"class_list":["post-28157","post","type-post","status-publish","format-standard","hentry"],"_links":{"self":[{"href":"https:\/\/ugelchucuito.edu.pe\/portal\/wp-json\/wp\/v2\/posts\/28157","targetHints":{"allow":["GET"]}}],"collection":[{"href":"https:\/\/ugelchucuito.edu.pe\/portal\/wp-json\/wp\/v2\/posts"}],"about":[{"href":"https:\/\/ugelchucuito.edu.pe\/portal\/wp-json\/wp\/v2\/types\/post"}],"author":[{"embeddable":true,"href":"https:\/\/ugelchucuito.edu.pe\/portal\/wp-json\/wp\/v2\/users\/212"}],"replies":[{"embeddable":true,"href":"https:\/\/ugelchucuito.edu.pe\/portal\/wp-json\/wp\/v2\/comments?post=28157"}],"version-history":[{"count":1,"href":"https:\/\/ugelchucuito.edu.pe\/portal\/wp-json\/wp\/v2\/posts\/28157\/revisions"}],"predecessor-version":[{"id":28159,"href":"https:\/\/ugelchucuito.edu.pe\/portal\/wp-json\/wp\/v2\/posts\/28157\/revisions\/28159"}],"wp:attachment":[{"href":"https:\/\/ugelchucuito.edu.pe\/portal\/wp-json\/wp\/v2\/media?parent=28157"}],"wp:term":[{"taxonomy":"category","embeddable":true,"href":"https:\/\/ugelchucuito.edu.pe\/portal\/wp-json\/wp\/v2\/categories?post=28157"},{"taxonomy":"post_tag","embeddable":true,"href":"https:\/\/ugelchucuito.edu.pe\/portal\/wp-json\/wp\/v2\/tags?post=28157"}],"curies":[{"name":"wp","href":"https:\/\/api.w.org\/{rel}","templated":true}]}}