{"id":28184,"date":"2025-04-25T17:58:00","date_gmt":"2025-04-25T22:58:00","guid":{"rendered":"https:\/\/ugelchucuito.edu.pe\/portal\/?p=28184"},"modified":"2025-04-26T01:00:58","modified_gmt":"2025-04-26T06:00:58","slug":"28184-2","status":"publish","type":"post","link":"https:\/\/ugelchucuito.edu.pe\/portal\/2025\/04\/25\/28184-2\/","title":{"rendered":""},"content":{"rendered":"\n<p><strong>UGEL CHUCUITO-JULI CELEBRA: PROYECTO UNIVERSITARIO QUE MARCAR\u00c1 NUEVA ETAPA PARA LA&nbsp; POBLACION EN ETAPA DE FORMACION EN LA &nbsp;PROVINCIA &nbsp;DE CHUCUITO<\/strong><\/p>\n\n\n\n<p>En una jornada significativa para la provincia de <strong>Chucuito-Juli<\/strong>, diversas autoridades locales, regionales y nacionales se dieron cita en la peque\u00f1a Roma de Am\u00e9rica -Juli, &nbsp;donde se consolidaron importantes avances para la creaci\u00f3n de la tan anhelada <strong>Universidad Nacional Ludovico Bertonio<\/strong>, una instituci\u00f3n que busca transformar el acceso a la educaci\u00f3n superior en esta zona altipl\u00e1nica.<\/p>\n\n\n\n<p>Entre los asistentes destacaron el vicepresidente del Congreso de la Rep\u00fablica, <strong>Valdemar Cerr\u00f3n<\/strong>, el congresista por Puno <strong>Flavio Cruz Mamani<\/strong> quien lleg\u00f3 en el marco de su semana de representaci\u00f3n, as\u00ed como los cabildos de Juli, la subprefecta provincial, representantes de organizaciones sociales como la <strong>Central \u00danica de Barrios<\/strong> &nbsp;y de manera especial, la <strong>directora de la UGEL Chucuito, Gladys C\u00e1ceres Colquehuanca<\/strong>, quien expres\u00f3 su &nbsp;compromiso con el fortalecimiento de la educaci\u00f3n &nbsp;en la provincia. \u201cLa creaci\u00f3n de esta universidad representa un paso fundamental para garantizar que los j\u00f3venes de nuestra regi\u00f3n puedan desarrollarse acad\u00e9micamente sin tener que migrar. Es un acto de justicia educativa\u201d, sostuvo.<\/p>\n\n\n\n<p>El alcalde provincial de Chucuito-Juli, <strong>V\u00edctor Anchapuri Zapata<\/strong>, resalt\u00f3 el valor de este hito hist\u00f3rico: \u201cHoy ya contamos con el terreno, 9 hect\u00e1reas que hemos destinado exclusivamente para este sue\u00f1o colectivo. La Universidad Ludovico Bertonio no solo es una promesa, es un compromiso con nuestra juventud y con el desarrollo de nuestro pueblo\u201d.<\/p>\n\n\n\n<p>Asimismo durante su participaci\u00f3n, el congresista <strong>Flavio Cruz<\/strong> recalc\u00f3 la importancia de trabajar articuladamente entre autoridades y poblaci\u00f3n para que este proyecto cuente con las <strong>condiciones m\u00ednimas necesarias para su funcionamiento \u00f3ptimo<\/strong>, destacando que la educaci\u00f3n debe ser prioridad para el crecimiento regional.<\/p>\n\n\n\n<p>Este encuentro multitudinario demuestra que <strong>la voluntad pol\u00edtica y social existe<\/strong> para hacer realidad una universidad p\u00fablica en Juli, y representa un paso firme hacia una educaci\u00f3n descentralizada, inclusiva y de calidad para las futuras generaciones del altiplano pune\u00f1o.<\/p>\n\n\n\n<p><\/p>\n","protected":false},"excerpt":{"rendered":"<p>UGEL CHUCUITO-JULI CELEBRA: PROYECTO UNIVERSITARIO QUE MARCAR\u00c1 NUEVA ETAPA PARA LA&nbsp; POBLACION EN ETAPA DE FORMACION EN LA &nbsp;PROVINCIA &nbsp;DE CHUCUITO En una jornada significativa para la provincia de Chucuito-Juli, diversas autoridades locales, regionales y nacionales se dieron cita en la peque\u00f1a Roma de Am\u00e9rica -Juli, &nbsp;donde se consolidaron importantes avances para la creaci\u00f3n de [&hellip;]<\/p>\n","protected":false},"author":212,"featured_media":0,"comment_status":"open","ping_status":"open","sticky":false,"template":"","format":"standard","meta":{"footnotes":""},"categories":[],"tags":[],"class_list":["post-28184","post","type-post","status-publish","format-standard","hentry"],"_links":{"self":[{"href":"https:\/\/ugelchucuito.edu.pe\/portal\/wp-json\/wp\/v2\/posts\/28184","targetHints":{"allow":["GET"]}}],"collection":[{"href":"https:\/\/ugelchucuito.edu.pe\/portal\/wp-json\/wp\/v2\/posts"}],"about":[{"href":"https:\/\/ugelchucuito.edu.pe\/portal\/wp-json\/wp\/v2\/types\/post"}],"author":[{"embeddable":true,"href":"https:\/\/ugelchucuito.edu.pe\/portal\/wp-json\/wp\/v2\/users\/212"}],"replies":[{"embeddable":true,"href":"https:\/\/ugelchucuito.edu.pe\/portal\/wp-json\/wp\/v2\/comments?post=28184"}],"version-history":[{"count":1,"href":"https:\/\/ugelchucuito.edu.pe\/portal\/wp-json\/wp\/v2\/posts\/28184\/revisions"}],"predecessor-version":[{"id":28187,"href":"https:\/\/ugelchucuito.edu.pe\/portal\/wp-json\/wp\/v2\/posts\/28184\/revisions\/28187"}],"wp:attachment":[{"href":"https:\/\/ugelchucuito.edu.pe\/portal\/wp-json\/wp\/v2\/media?parent=28184"}],"wp:term":[{"taxonomy":"category","embeddable":true,"href":"https:\/\/ugelchucuito.edu.pe\/portal\/wp-json\/wp\/v2\/categories?post=28184"},{"taxonomy":"post_tag","embeddable":true,"href":"https:\/\/ugelchucuito.edu.pe\/portal\/wp-json\/wp\/v2\/tags?post=28184"}],"curies":[{"name":"wp","href":"https:\/\/api.w.org\/{rel}","templated":true}]}}