{"id":28194,"date":"2025-04-26T01:12:39","date_gmt":"2025-04-26T06:12:39","guid":{"rendered":"https:\/\/ugelchucuito.edu.pe\/portal\/?p=28194"},"modified":"2025-04-26T01:12:40","modified_gmt":"2025-04-26T06:12:40","slug":"28194-2","status":"publish","type":"post","link":"https:\/\/ugelchucuito.edu.pe\/portal\/2025\/04\/26\/28194-2\/","title":{"rendered":""},"content":{"rendered":"\n<p><strong>UGEL CHUCUITO-JULI SE SUMA AL LOGRO HIST\u00d3RICO DE LA LEY N.\u00b0 32290 &nbsp;QUE CREA LA UNIVERSIDAD NACIONAL EN DESAGUADERO<\/strong><\/p>\n\n\n\n<p>Juli, 25\/04\/2025.- En una jornada marcada por la esperanza y el sentimiento colectivo de logro, el distrito de Desaguadero fue escenario de la<em> presentaci\u00f3n y <\/em>&nbsp;reconocimiento a los autores de <em>&nbsp;la Ley N\u00b0 32290<\/em>, &nbsp;creaci\u00f3n de la Universidad Nacional de Desaguadero UNADE.<\/p>\n\n\n\n<p>Este hecho hist\u00f3rico representa un antes y un despu\u00e9s en la historia educativa de esta importante zona fronteriza del sur del pa\u00eds.<\/p>\n\n\n\n<p>El evento congreg\u00f3 a miles de ciudadanos y cont\u00f3 con la presencia de los congresistas impulsores de la ley, Rusbel Quispe Mamani, Flavio Cruz Mamani, Waldemar Cerr\u00f3n, Roberto S\u00e1nchez y Segundo Montalvo Toribio Cubas, presidente de la Comisi\u00f3n de Educaci\u00f3n del Congreso de la Rep\u00fablica, quienes coincidieron en destacar la relevancia estrat\u00e9gica de esta universidad para el desarrollo regional.<\/p>\n\n\n\n<p>Entre las autoridades destacadas, estuvo la directora de la UGEL Chucuito-Juli, Ayda C\u00e1ceres Colquehuanca, quien expres\u00f3 con firmeza \u201cHoy celebramos no solo una ley, sino el inicio de una nueva etapa para nuestros estudiantes, nuestras familias y toda la regi\u00f3n. Este hito legislativo no solo simboliza justicia hist\u00f3rica, sino tambi\u00e9n una clara apuesta por el futuro de Desaguadero y por el derecho de sus j\u00f3venes a estudiar, crecer y transformar su propia realidad desde su territorio.<\/p>\n\n\n\n<p>La participaci\u00f3n activa de la UGEL y otras instituciones educativas refuerza el sentido de unidad y corresponsabilidad en la tarea de garantizar una educaci\u00f3n superior inclusiva, descentralizada y al servicio de las juventudes de la nuestra regi\u00f3n altipl\u00e1nica.<\/p>\n","protected":false},"excerpt":{"rendered":"<p>UGEL CHUCUITO-JULI SE SUMA AL LOGRO HIST\u00d3RICO DE LA LEY N.\u00b0 32290 &nbsp;QUE CREA LA UNIVERSIDAD NACIONAL EN DESAGUADERO Juli, 25\/04\/2025.- En una jornada marcada por la esperanza y el sentimiento colectivo de logro, el distrito de Desaguadero fue escenario de la presentaci\u00f3n y &nbsp;reconocimiento a los autores de &nbsp;la Ley N\u00b0 32290, &nbsp;creaci\u00f3n de [&hellip;]<\/p>\n","protected":false},"author":212,"featured_media":0,"comment_status":"open","ping_status":"open","sticky":false,"template":"","format":"standard","meta":{"footnotes":""},"categories":[],"tags":[],"class_list":["post-28194","post","type-post","status-publish","format-standard","hentry"],"_links":{"self":[{"href":"https:\/\/ugelchucuito.edu.pe\/portal\/wp-json\/wp\/v2\/posts\/28194","targetHints":{"allow":["GET"]}}],"collection":[{"href":"https:\/\/ugelchucuito.edu.pe\/portal\/wp-json\/wp\/v2\/posts"}],"about":[{"href":"https:\/\/ugelchucuito.edu.pe\/portal\/wp-json\/wp\/v2\/types\/post"}],"author":[{"embeddable":true,"href":"https:\/\/ugelchucuito.edu.pe\/portal\/wp-json\/wp\/v2\/users\/212"}],"replies":[{"embeddable":true,"href":"https:\/\/ugelchucuito.edu.pe\/portal\/wp-json\/wp\/v2\/comments?post=28194"}],"version-history":[{"count":1,"href":"https:\/\/ugelchucuito.edu.pe\/portal\/wp-json\/wp\/v2\/posts\/28194\/revisions"}],"predecessor-version":[{"id":28197,"href":"https:\/\/ugelchucuito.edu.pe\/portal\/wp-json\/wp\/v2\/posts\/28194\/revisions\/28197"}],"wp:attachment":[{"href":"https:\/\/ugelchucuito.edu.pe\/portal\/wp-json\/wp\/v2\/media?parent=28194"}],"wp:term":[{"taxonomy":"category","embeddable":true,"href":"https:\/\/ugelchucuito.edu.pe\/portal\/wp-json\/wp\/v2\/categories?post=28194"},{"taxonomy":"post_tag","embeddable":true,"href":"https:\/\/ugelchucuito.edu.pe\/portal\/wp-json\/wp\/v2\/tags?post=28194"}],"curies":[{"name":"wp","href":"https:\/\/api.w.org\/{rel}","templated":true}]}}