{"id":2833,"date":"2018-05-30T20:25:04","date_gmt":"2018-05-31T01:25:04","guid":{"rendered":"http:\/\/ugelchucuito.edu.pe\/portal\/?p=2833"},"modified":"2018-05-30T20:45:21","modified_gmt":"2018-05-31T01:45:21","slug":"preludio-del-ii-congreso-de-profesores-provincial-de-matematica-en-la-ugel-chucuito","status":"publish","type":"post","link":"https:\/\/ugelchucuito.edu.pe\/portal\/2018\/05\/30\/preludio-del-ii-congreso-de-profesores-provincial-de-matematica-en-la-ugel-chucuito\/","title":{"rendered":"PRELUDIO DEL II CONGRESO PROVINCIAL DE PROFESORES DE MATEM\u00c1TICA EN LA UGEL CHUCUITO"},"content":{"rendered":"<p>Estimad@s colegas,<\/p>\n<p>Se avecina nuestro II Congreso Provincial de Profesores de Matem\u00e1tica de la UGEL Chucuito, el mismo que esta programado para el jueves 14 de junio y viernes 15 de junio del 2018. En las pr\u00f3ximas horas estaremos publicando la Resoluci\u00f3n Directoral y Oficio correspondiente. <strong>Vuestra importante participaci\u00f3n, mediante la socializaci\u00f3n de un material o estrategia de resoluci\u00f3n de problemas matem\u00e1ticos<\/strong>, ser\u00e1 valorada y merituada de sobre manera.<\/p>\n<p><span style=\"color: #0000ff\"><span style=\"color: #ff0000\">Inscripciones<\/span> mediante env\u00edo de mensaje de texto a: albertchata@hotmail.com<\/span><\/p>\n<p><span style=\"color: #0000ff\"><strong><em>Datos de inscripci\u00f3n: <\/em><\/strong><\/span><\/p>\n<p><span style=\"color: #0000ff\"><em>Nombre(s) y Apellidos:<\/em><\/span><\/p>\n<p><span style=\"color: #0000ff\"><em>Instituci\u00f3n Educativa:<\/em><\/span><\/p>\n<p><span style=\"color: #0000ff\"><em>N\u00famero de celular:<\/em><\/span><\/p>\n<p>Atentamente,<\/p>\n<p>Albert.<\/p>\n<p>930 939 983<\/p>\n<p><img decoding=\"async\" src=\"https:\/\/akifrases.com\/frases-imagenes\/frase-las-matematicas-son-el-alfabeto-con-el-cual-dios-ha-escrito-el-universo-galileo-galilei-137087.jpg\" alt=\"Resultado de imagen para galileo galilei frase celebre matematica\" \/><\/p>\n<p>&nbsp;<\/p>\n","protected":false},"excerpt":{"rendered":"<p>Estimad@s colegas, Se avecina nuestro II Congreso Provincial de Profesores de Matem\u00e1tica de la UGEL Chucuito, el mismo que esta programado para el jueves 14 de junio y viernes 15 de junio del 2018. En las pr\u00f3ximas horas estaremos publicando la Resoluci\u00f3n Directoral y Oficio correspondiente. Vuestra importante participaci\u00f3n, mediante la socializaci\u00f3n de un material [&hellip;]<\/p>\n","protected":false},"author":2,"featured_media":0,"comment_status":"open","ping_status":"open","sticky":false,"template":"","format":"standard","meta":{"footnotes":""},"categories":[],"tags":[],"class_list":["post-2833","post","type-post","status-publish","format-standard","hentry"],"_links":{"self":[{"href":"https:\/\/ugelchucuito.edu.pe\/portal\/wp-json\/wp\/v2\/posts\/2833","targetHints":{"allow":["GET"]}}],"collection":[{"href":"https:\/\/ugelchucuito.edu.pe\/portal\/wp-json\/wp\/v2\/posts"}],"about":[{"href":"https:\/\/ugelchucuito.edu.pe\/portal\/wp-json\/wp\/v2\/types\/post"}],"author":[{"embeddable":true,"href":"https:\/\/ugelchucuito.edu.pe\/portal\/wp-json\/wp\/v2\/users\/2"}],"replies":[{"embeddable":true,"href":"https:\/\/ugelchucuito.edu.pe\/portal\/wp-json\/wp\/v2\/comments?post=2833"}],"version-history":[{"count":7,"href":"https:\/\/ugelchucuito.edu.pe\/portal\/wp-json\/wp\/v2\/posts\/2833\/revisions"}],"predecessor-version":[{"id":2841,"href":"https:\/\/ugelchucuito.edu.pe\/portal\/wp-json\/wp\/v2\/posts\/2833\/revisions\/2841"}],"wp:attachment":[{"href":"https:\/\/ugelchucuito.edu.pe\/portal\/wp-json\/wp\/v2\/media?parent=2833"}],"wp:term":[{"taxonomy":"category","embeddable":true,"href":"https:\/\/ugelchucuito.edu.pe\/portal\/wp-json\/wp\/v2\/categories?post=2833"},{"taxonomy":"post_tag","embeddable":true,"href":"https:\/\/ugelchucuito.edu.pe\/portal\/wp-json\/wp\/v2\/tags?post=2833"}],"curies":[{"name":"wp","href":"https:\/\/api.w.org\/{rel}","templated":true}]}}