{"id":28658,"date":"2025-06-11T20:48:23","date_gmt":"2025-06-12T01:48:23","guid":{"rendered":"https:\/\/ugelchucuito.edu.pe\/portal\/?p=28658"},"modified":"2025-06-11T20:48:26","modified_gmt":"2025-06-12T01:48:26","slug":"28658-2","status":"publish","type":"post","link":"https:\/\/ugelchucuito.edu.pe\/portal\/2025\/06\/11\/28658-2\/","title":{"rendered":""},"content":{"rendered":"\n<p><strong>DOCENTES DEL CUARTO GRADO PARTICIPAN EN TALLER PRESENCIAL DE TRANSFERENCIA TECNOL\u00d3GICA EN EL MARCO DEL PROGRAMA \u201cCOMPETENCE LAB 2025-2027\u201d<\/strong><\/p>\n\n\n\n<p><strong>&nbsp;Juli, 11\/06\/2025.- <\/strong>En horas de la ma\u00f1ana, docentes y directivos del cuarto grado de primaria, con m\u00e1s de cinco estudiantes a cargo, pertenecientes al \u00e1mbito de la UGEL Chucuito &#8211; Juli, participaron activamente en el <strong>taller presencial de transferencia tecnol\u00f3gica<\/strong>, como parte del <strong>programa de mejora continua \u201cDid\u00e1ctica de la Lectura y Matem\u00e1tica \u2013 Competence Lab 2025-2027\u201d<\/strong>.<\/p>\n\n\n\n<p>Esta importante jornada de capacitaci\u00f3n fue facilitada por especialistas de la <strong>Direcci\u00f3n Regional de Educaci\u00f3n de Puno (DREP)<\/strong>, David Paricahua Condori y Wilfredo Barrientos Quispe quienes brindaron estrategias pedag\u00f3gicas actualizadas para el fortalecimiento de los aprendizajes en lectura y matem\u00e1tica, orientadas a mejorar la pr\u00e1ctica docente en aula.<\/p>\n\n\n\n<p>Durante el evento, la directora de la UGEL Chucuito &#8211; Juli, <strong>Dra. Ayda Gladys C\u00e1ceres Colquehuanca<\/strong>, dirigi\u00f3 unas palabras de motivaci\u00f3n a los docentes, resaltando la importancia de aprovechar al m\u00e1ximo este tipo de espacios formativos. \u201cEste taller representa una gran oportunidad para actualizar nuestros conocimientos y seguir contribuyendo con compromiso al desarrollo integral de nuestros estudiantes\u201d, expres\u00f3.<\/p>\n","protected":false},"excerpt":{"rendered":"<p>DOCENTES DEL CUARTO GRADO PARTICIPAN EN TALLER PRESENCIAL DE TRANSFERENCIA TECNOL\u00d3GICA EN EL MARCO DEL PROGRAMA \u201cCOMPETENCE LAB 2025-2027\u201d &nbsp;Juli, 11\/06\/2025.- En horas de la ma\u00f1ana, docentes y directivos del cuarto grado de primaria, con m\u00e1s de cinco estudiantes a cargo, pertenecientes al \u00e1mbito de la UGEL Chucuito &#8211; Juli, participaron activamente en el taller [&hellip;]<\/p>\n","protected":false},"author":212,"featured_media":0,"comment_status":"open","ping_status":"open","sticky":false,"template":"","format":"standard","meta":{"footnotes":""},"categories":[],"tags":[],"class_list":["post-28658","post","type-post","status-publish","format-standard","hentry"],"_links":{"self":[{"href":"https:\/\/ugelchucuito.edu.pe\/portal\/wp-json\/wp\/v2\/posts\/28658","targetHints":{"allow":["GET"]}}],"collection":[{"href":"https:\/\/ugelchucuito.edu.pe\/portal\/wp-json\/wp\/v2\/posts"}],"about":[{"href":"https:\/\/ugelchucuito.edu.pe\/portal\/wp-json\/wp\/v2\/types\/post"}],"author":[{"embeddable":true,"href":"https:\/\/ugelchucuito.edu.pe\/portal\/wp-json\/wp\/v2\/users\/212"}],"replies":[{"embeddable":true,"href":"https:\/\/ugelchucuito.edu.pe\/portal\/wp-json\/wp\/v2\/comments?post=28658"}],"version-history":[{"count":1,"href":"https:\/\/ugelchucuito.edu.pe\/portal\/wp-json\/wp\/v2\/posts\/28658\/revisions"}],"predecessor-version":[{"id":28661,"href":"https:\/\/ugelchucuito.edu.pe\/portal\/wp-json\/wp\/v2\/posts\/28658\/revisions\/28661"}],"wp:attachment":[{"href":"https:\/\/ugelchucuito.edu.pe\/portal\/wp-json\/wp\/v2\/media?parent=28658"}],"wp:term":[{"taxonomy":"category","embeddable":true,"href":"https:\/\/ugelchucuito.edu.pe\/portal\/wp-json\/wp\/v2\/categories?post=28658"},{"taxonomy":"post_tag","embeddable":true,"href":"https:\/\/ugelchucuito.edu.pe\/portal\/wp-json\/wp\/v2\/tags?post=28658"}],"curies":[{"name":"wp","href":"https:\/\/api.w.org\/{rel}","templated":true}]}}