{"id":28662,"date":"2025-06-11T21:09:46","date_gmt":"2025-06-12T02:09:46","guid":{"rendered":"https:\/\/ugelchucuito.edu.pe\/portal\/?p=28662"},"modified":"2025-06-11T21:09:48","modified_gmt":"2025-06-12T02:09:48","slug":"28662-2","status":"publish","type":"post","link":"https:\/\/ugelchucuito.edu.pe\/portal\/2025\/06\/11\/28662-2\/","title":{"rendered":""},"content":{"rendered":"\n<p><strong>CONVIVENCIA ESCOLAR DE LA&nbsp; UGEL CHUCUITO- JULI&nbsp; E INSTITUCIONES ALIADAS SE UNEN EN FERIA INFORMATIVA POR EL D\u00cdA MUNDIAL CONTRA EL TRABAJO INFANTIL.<\/strong><\/p>\n\n\n\n<p><strong>Chucuito \u2013 Juli, 11\/06\/ 2025.<\/strong><br>Como antesala a la conmemoraci\u00f3n del <strong>D\u00eda Mundial contra el Trabajo Infantil<\/strong>, esta ma\u00f1ana se desarroll\u00f3 una <strong>feria informativa<\/strong> en la <strong>Plaza Ludovico Bertonio<\/strong>, con la activa participaci\u00f3n de instituciones aliadas comprometidas con la defensa de los derechos de la ni\u00f1ez y adolescencia.<\/p>\n\n\n\n<p>Entre las entidades participantes estuvieron el <strong>CEDIF<\/strong>, <strong>DEMUNA<\/strong>, la <strong>Polic\u00eda Nacional del Per\u00fa<\/strong>, el <strong>Ministerio de Justicia<\/strong>, la <strong>Red de Salud Chucuito<\/strong> y el <strong>Hospital Rafael L\u00f3pez Rabines<\/strong>, quienes ofrecieron valiosa informaci\u00f3n a estudiantes de nivel primario y secundario sobre los riesgos del trabajo infantil y la importancia de una infancia protegida.<\/p>\n\n\n\n<p>Adem\u00e1s de los stands informativos, la feria incluy\u00f3 <strong>din\u00e1micas y juegos educativos<\/strong> que promovieron la participaci\u00f3n activa del alumnado, fomentando el aprendizaje l\u00fadico, el empoderamiento estudiantil y la reflexi\u00f3n sobre sus derechos.<\/p>\n\n\n\n<p>Durante el recorrido de la feria informativa la directora de la&nbsp; UGEL Chucuito &#8211; Juli ,&nbsp; manifest\u00f3 que es a trav\u00e9s de estas&nbsp; acciones que la UGEL&nbsp; reafirma su compromiso con la promoci\u00f3n de espacios que sensibilicen a la comunidad educativa y fortalezcan la protecci\u00f3n integral de ni\u00f1as, ni\u00f1os y adolescentes &nbsp;de la provincia.<\/p>\n\n\n\n<p><\/p>\n","protected":false},"excerpt":{"rendered":"<p>CONVIVENCIA ESCOLAR DE LA&nbsp; UGEL CHUCUITO- JULI&nbsp; E INSTITUCIONES ALIADAS SE UNEN EN FERIA INFORMATIVA POR EL D\u00cdA MUNDIAL CONTRA EL TRABAJO INFANTIL. Chucuito \u2013 Juli, 11\/06\/ 2025.Como antesala a la conmemoraci\u00f3n del D\u00eda Mundial contra el Trabajo Infantil, esta ma\u00f1ana se desarroll\u00f3 una feria informativa en la Plaza Ludovico Bertonio, con la activa participaci\u00f3n [&hellip;]<\/p>\n","protected":false},"author":212,"featured_media":0,"comment_status":"open","ping_status":"open","sticky":false,"template":"","format":"standard","meta":{"footnotes":""},"categories":[],"tags":[],"class_list":["post-28662","post","type-post","status-publish","format-standard","hentry"],"_links":{"self":[{"href":"https:\/\/ugelchucuito.edu.pe\/portal\/wp-json\/wp\/v2\/posts\/28662","targetHints":{"allow":["GET"]}}],"collection":[{"href":"https:\/\/ugelchucuito.edu.pe\/portal\/wp-json\/wp\/v2\/posts"}],"about":[{"href":"https:\/\/ugelchucuito.edu.pe\/portal\/wp-json\/wp\/v2\/types\/post"}],"author":[{"embeddable":true,"href":"https:\/\/ugelchucuito.edu.pe\/portal\/wp-json\/wp\/v2\/users\/212"}],"replies":[{"embeddable":true,"href":"https:\/\/ugelchucuito.edu.pe\/portal\/wp-json\/wp\/v2\/comments?post=28662"}],"version-history":[{"count":1,"href":"https:\/\/ugelchucuito.edu.pe\/portal\/wp-json\/wp\/v2\/posts\/28662\/revisions"}],"predecessor-version":[{"id":28665,"href":"https:\/\/ugelchucuito.edu.pe\/portal\/wp-json\/wp\/v2\/posts\/28662\/revisions\/28665"}],"wp:attachment":[{"href":"https:\/\/ugelchucuito.edu.pe\/portal\/wp-json\/wp\/v2\/media?parent=28662"}],"wp:term":[{"taxonomy":"category","embeddable":true,"href":"https:\/\/ugelchucuito.edu.pe\/portal\/wp-json\/wp\/v2\/categories?post=28662"},{"taxonomy":"post_tag","embeddable":true,"href":"https:\/\/ugelchucuito.edu.pe\/portal\/wp-json\/wp\/v2\/tags?post=28662"}],"curies":[{"name":"wp","href":"https:\/\/api.w.org\/{rel}","templated":true}]}}