{"id":28666,"date":"2025-06-11T21:26:02","date_gmt":"2025-06-12T02:26:02","guid":{"rendered":"https:\/\/ugelchucuito.edu.pe\/portal\/?p=28666"},"modified":"2025-06-11T21:26:04","modified_gmt":"2025-06-12T02:26:04","slug":"28666-2","status":"publish","type":"post","link":"https:\/\/ugelchucuito.edu.pe\/portal\/2025\/06\/11\/28666-2\/","title":{"rendered":""},"content":{"rendered":"\n<p><strong>DIRECTORA DE LA UGEL CHUCUITO \u2013 JULI&nbsp; PARTICIPO DE LA PREMIACI\u00d3N REALIZADA POR LA MUNICIPALIDAD PROVINCIAL DE CHUCUITO A INSTITUCIONES EDUCATIVAS GANADORAS DEL DESFILE ESCOLAR Y BANDAS ESCOLARES<\/strong><\/p>\n\n\n\n<p><strong>&nbsp;Juli, 11\/06\/ 2025.- <\/strong>En un ambiente festivo y de reconocimiento al esfuerzo estudiantil, esta ma\u00f1ana se llev\u00f3 a cabo la <strong>ceremonia de premiaci\u00f3n a las instituciones educativas ganadoras del concurso del desfile escolar<\/strong>, en la <strong>Plaza Ludovico Bertonio<\/strong>.<\/p>\n\n\n\n<p>El evento cont\u00f3 con la participaci\u00f3n de la directora de la UGEL Chucuito &#8211; Juli, <strong>Dra. Ayda Gladys C\u00e1ceres Colquehuanca<\/strong>, y del <strong>alcalde provincial de Chucuito<\/strong>, Ing. V\u00edctor Ra\u00fal Anchapuri Zapata, &nbsp;quienes encabezaron la entrega de los premios a las delegaciones escolares que destacaron por su disciplina, presentaci\u00f3n y esp\u00edritu c\u00edvico.<\/p>\n\n\n\n<p>Como parte de la premiaci\u00f3n, las instituciones ganadoras recibieron <strong>televisores y muebles de escritorio<\/strong>, mientras que las bandas de m\u00fasicos escolares que obtuvieron los primeros puestos fueron reconocidas con <strong>instrumentos musicales<\/strong>, fortaleciendo as\u00ed sus capacidades art\u00edsticas y su equipamiento institucional.<\/p>\n\n\n\n<p><\/p>\n","protected":false},"excerpt":{"rendered":"<p>DIRECTORA DE LA UGEL CHUCUITO \u2013 JULI&nbsp; PARTICIPO DE LA PREMIACI\u00d3N REALIZADA POR LA MUNICIPALIDAD PROVINCIAL DE CHUCUITO A INSTITUCIONES EDUCATIVAS GANADORAS DEL DESFILE ESCOLAR Y BANDAS ESCOLARES &nbsp;Juli, 11\/06\/ 2025.- En un ambiente festivo y de reconocimiento al esfuerzo estudiantil, esta ma\u00f1ana se llev\u00f3 a cabo la ceremonia de premiaci\u00f3n a las instituciones educativas [&hellip;]<\/p>\n","protected":false},"author":212,"featured_media":0,"comment_status":"open","ping_status":"open","sticky":false,"template":"","format":"standard","meta":{"footnotes":""},"categories":[],"tags":[],"class_list":["post-28666","post","type-post","status-publish","format-standard","hentry"],"_links":{"self":[{"href":"https:\/\/ugelchucuito.edu.pe\/portal\/wp-json\/wp\/v2\/posts\/28666","targetHints":{"allow":["GET"]}}],"collection":[{"href":"https:\/\/ugelchucuito.edu.pe\/portal\/wp-json\/wp\/v2\/posts"}],"about":[{"href":"https:\/\/ugelchucuito.edu.pe\/portal\/wp-json\/wp\/v2\/types\/post"}],"author":[{"embeddable":true,"href":"https:\/\/ugelchucuito.edu.pe\/portal\/wp-json\/wp\/v2\/users\/212"}],"replies":[{"embeddable":true,"href":"https:\/\/ugelchucuito.edu.pe\/portal\/wp-json\/wp\/v2\/comments?post=28666"}],"version-history":[{"count":1,"href":"https:\/\/ugelchucuito.edu.pe\/portal\/wp-json\/wp\/v2\/posts\/28666\/revisions"}],"predecessor-version":[{"id":28669,"href":"https:\/\/ugelchucuito.edu.pe\/portal\/wp-json\/wp\/v2\/posts\/28666\/revisions\/28669"}],"wp:attachment":[{"href":"https:\/\/ugelchucuito.edu.pe\/portal\/wp-json\/wp\/v2\/media?parent=28666"}],"wp:term":[{"taxonomy":"category","embeddable":true,"href":"https:\/\/ugelchucuito.edu.pe\/portal\/wp-json\/wp\/v2\/categories?post=28666"},{"taxonomy":"post_tag","embeddable":true,"href":"https:\/\/ugelchucuito.edu.pe\/portal\/wp-json\/wp\/v2\/tags?post=28666"}],"curies":[{"name":"wp","href":"https:\/\/api.w.org\/{rel}","templated":true}]}}