{"id":28741,"date":"2025-06-26T08:11:00","date_gmt":"2025-06-26T13:11:00","guid":{"rendered":"https:\/\/ugelchucuito.edu.pe\/portal\/?p=28741"},"modified":"2025-06-26T15:44:17","modified_gmt":"2025-06-26T20:44:17","slug":"28741-2","status":"publish","type":"post","link":"https:\/\/ugelchucuito.edu.pe\/portal\/2025\/06\/26\/28741-2\/","title":{"rendered":""},"content":{"rendered":"\n<p><strong>UGEL CHUCUITO AVANZA HACIA EL FUTURO EDUCATIVO: PRESENTACI\u00d3N DEL PROYECTO EDUCATIVO LOCAL AL 2030 CONGREGA A AUTORIDADES Y ESPECIALISTAS EN LA CASA DE LA CULTURA DE PUNO<\/strong><\/p>\n\n\n\n<p><em>Puno, 25 de junio de 2025<\/em> \u2013 En un ambiente de compromiso y reflexi\u00f3n colectiva, se realiz\u00f3 la presentaci\u00f3n oficial del <strong>Proyecto Educativo Local (PEL) al 2030<\/strong> en las instalaciones de la <strong>Casa de la Cultura de Puno<\/strong>. Esta significativa actividad fue posible gracias a la colaboraci\u00f3n de la <strong>Direcci\u00f3n Desconcentrada de Cultura (DDC)<\/strong> y la <strong>Municipalidad Provincial de Puno<\/strong>, quienes facilitaron el espacio para el desarrollo del evento.<\/p>\n\n\n\n<p>La actividad estuvo encabezada por la directora de la UGEL Chucuito &#8211; Juli, <strong>Dra. Ayda Gladys C\u00e1ceres Colquehuanca<\/strong>, acompa\u00f1ada por los jefes de las \u00e1reas de Gesti\u00f3n Institucional, Pedag\u00f3gica y Administrativa, junto a autoridades regionales y educativas como los consejeros por la provincia de Chucuito, <strong>Basilio Mendoza Uriarte<\/strong> y <strong>Abad Vizcarra Estrella<\/strong>; el representantes de la <strong>Direcci\u00f3n Regional de Educaci\u00f3n de Puno<\/strong>, Ing. <strong>Juan Galindo Mendoza y Jos\u00e9 Carlos Quispe Olvea<\/strong> as\u00ed como la presencia de la Ing. Guillermina Ca\u00f1apatana de la oficina de planificaci\u00f3n del &nbsp;<strong>Gobierno Regional de Puno<\/strong>.<\/p>\n\n\n\n<p>Los asistentes conocieron en detalle los objetivos, estrategias y acciones prioritarias del PEL al 2030, destacando su enfoque territorial, inclusivo e intercultural. Tras la presentaci\u00f3n, las autoridades regionales y representantes institucionales brindaron comentarios, sugerencias y valoraciones que fortalecen el proceso de implementaci\u00f3n.<\/p>\n\n\n\n<p>Entre ellas, la intervenci\u00f3n, &nbsp;de la representante del Gobierno Regional <strong>destac\u00f3 que, de las 13 Unidades de Gesti\u00f3n Educativa Local (UGEL) que existen en la regi\u00f3n, esta es la primera en presentar su Proyecto Educativo Local<\/strong>, resaltando as\u00ed el liderazgo de la <strong>UGEL Chucuito &#8211; Juli<\/strong> y el compromiso del equipo t\u00e9cnico que llev\u00f3 adelante el proceso.<\/p>\n\n\n\n<p>A su turno la directora de la UGEL Chucuito &#8211; Juli, <strong>Dra. Ayda Gladys C\u00e1ceres Colquehuanca<\/strong>, expres\u00f3 su reconocimiento y agradecimiento a los miembros del <strong>COPALE<\/strong> y a toda la <strong>comunidad educadora del \u00e1mbito UGEL<\/strong> Chucuito &#8211; Juli, afirmando que <em>\u201ceste documento final es fruto de la colaboraci\u00f3n de todos y del trabajo descentralizado que se ha desarrollado\u201d<\/em> que guiar\u00e1 a la provincia de Chucuito los siguientes a\u00f1os. Este evento representa el inicio de un nuevo ciclo de planificaci\u00f3n educativa con identidad, pertinencia y proyecci\u00f3n al futuro.<\/p>\n","protected":false},"excerpt":{"rendered":"<p>UGEL CHUCUITO AVANZA HACIA EL FUTURO EDUCATIVO: PRESENTACI\u00d3N DEL PROYECTO EDUCATIVO LOCAL AL 2030 CONGREGA A AUTORIDADES Y ESPECIALISTAS EN LA CASA DE LA CULTURA DE PUNO Puno, 25 de junio de 2025 \u2013 En un ambiente de compromiso y reflexi\u00f3n colectiva, se realiz\u00f3 la presentaci\u00f3n oficial del Proyecto Educativo Local (PEL) al 2030 en [&hellip;]<\/p>\n","protected":false},"author":212,"featured_media":0,"comment_status":"open","ping_status":"open","sticky":false,"template":"","format":"standard","meta":{"footnotes":""},"categories":[],"tags":[],"class_list":["post-28741","post","type-post","status-publish","format-standard","hentry"],"_links":{"self":[{"href":"https:\/\/ugelchucuito.edu.pe\/portal\/wp-json\/wp\/v2\/posts\/28741","targetHints":{"allow":["GET"]}}],"collection":[{"href":"https:\/\/ugelchucuito.edu.pe\/portal\/wp-json\/wp\/v2\/posts"}],"about":[{"href":"https:\/\/ugelchucuito.edu.pe\/portal\/wp-json\/wp\/v2\/types\/post"}],"author":[{"embeddable":true,"href":"https:\/\/ugelchucuito.edu.pe\/portal\/wp-json\/wp\/v2\/users\/212"}],"replies":[{"embeddable":true,"href":"https:\/\/ugelchucuito.edu.pe\/portal\/wp-json\/wp\/v2\/comments?post=28741"}],"version-history":[{"count":1,"href":"https:\/\/ugelchucuito.edu.pe\/portal\/wp-json\/wp\/v2\/posts\/28741\/revisions"}],"predecessor-version":[{"id":28743,"href":"https:\/\/ugelchucuito.edu.pe\/portal\/wp-json\/wp\/v2\/posts\/28741\/revisions\/28743"}],"wp:attachment":[{"href":"https:\/\/ugelchucuito.edu.pe\/portal\/wp-json\/wp\/v2\/media?parent=28741"}],"wp:term":[{"taxonomy":"category","embeddable":true,"href":"https:\/\/ugelchucuito.edu.pe\/portal\/wp-json\/wp\/v2\/categories?post=28741"},{"taxonomy":"post_tag","embeddable":true,"href":"https:\/\/ugelchucuito.edu.pe\/portal\/wp-json\/wp\/v2\/tags?post=28741"}],"curies":[{"name":"wp","href":"https:\/\/api.w.org\/{rel}","templated":true}]}}