{"id":28744,"date":"2025-06-24T15:45:37","date_gmt":"2025-06-24T20:45:37","guid":{"rendered":"https:\/\/ugelchucuito.edu.pe\/portal\/?p=28744"},"modified":"2025-06-26T16:04:15","modified_gmt":"2025-06-26T21:04:15","slug":"28744-2","status":"publish","type":"post","link":"https:\/\/ugelchucuito.edu.pe\/portal\/2025\/06\/24\/28744-2\/","title":{"rendered":""},"content":{"rendered":"\n<p>UGEL CHUCUITO-JULI SE SUMA AL COMPROMISO POR EL PA\u00cdS: INTEGRAR\u00c1 EL COMIT\u00c9 PROVINCIAL DE APOYO A LOS CENSOS NACIONALES 2025<\/p>\n\n\n\n<p>Juli, 24\/06\/ 2025. En una ceremonia protocolar <a><\/a>desarrollada la ma\u00f1ana de hoy en el Sal\u00f3n Consistorial de la Municipalidad Provincial de Chucuito\u2013Juli, se realiz\u00f3 la acreditaci\u00f3n oficial de los integrantes del Comit\u00e9 Provincial de Cooperaci\u00f3n y Apoyo a los Censos Nacionales 2025, que tendr\u00e1 la responsabilidad de articular acciones clave para la exitosa ejecuci\u00f3n del proceso censal en nuestra jurisdicci\u00f3n.<\/p>\n\n\n\n<p>El acto cont\u00f3 con la participaci\u00f3n activa de diversas instituciones del Estado, entre ellos la UGEL Chucuito\u2013Juli, a trav\u00e9s de la representaci\u00f3n del Ing. \u00d3scar Grower Espillico Mamani, quien tras recibir la credencial destac\u00f3 la importancia de sumar esfuerzos interinstitucionales para garantizar una informaci\u00f3n estad\u00edstica veraz, oportuna y \u00fatil para el dise\u00f1o de pol\u00edticas p\u00fablicas educativas, sociales y econ\u00f3micas.<\/p>\n\n\n\n<p>El comit\u00e9 qued\u00f3 conformado de acuerdo con lo estipulado por la Resoluci\u00f3n Suprema N\u00b0 042-2025-PCM, la cual establece los lineamientos para la organizaci\u00f3n de los censos. Los comit\u00e9s, de car\u00e1cter temporal y ad hon\u00f3rem, est\u00e1n integrados por autoridades pol\u00edticas, policiales, militares, municipales, del sector p\u00fablico y representantes de organizaciones sociales y \u00e9tnicas.<\/p>\n\n\n\n<p>Cabe destacar que te el acto, se remarc\u00f3 que los Censos Nacionales XIII de Poblaci\u00f3n, VIII de Vivienda y IV de Comunidades Ind\u00edgenas se desarrollar\u00e1n entre los meses de agosto y octubre de 2025. Asimismo, se record\u00f3 que la ejecuci\u00f3n del proceso censal ha sido declarada de inter\u00e9s y prioridad nacional mediante el Decreto Supremo N\u00b0 063-2024-PCM.<\/p>\n\n\n\n<p>Por su parte la representante del Instituto Nacional de Estad\u00edstica e Inform\u00e1tica (INEI) expres\u00f3 su agradecimiento anticipado por la participaci\u00f3n de todas las entidades involucradas, reconociendo su papel fundamental en este proceso de gran envergadura nacional.<\/p>\n","protected":false},"excerpt":{"rendered":"<p>UGEL CHUCUITO-JULI SE SUMA AL COMPROMISO POR EL PA\u00cdS: INTEGRAR\u00c1 EL COMIT\u00c9 PROVINCIAL DE APOYO A LOS CENSOS NACIONALES 2025 Juli, 24\/06\/ 2025. En una ceremonia protocolar desarrollada la ma\u00f1ana de hoy en el Sal\u00f3n Consistorial de la Municipalidad Provincial de Chucuito\u2013Juli, se realiz\u00f3 la acreditaci\u00f3n oficial de los integrantes del Comit\u00e9 Provincial de Cooperaci\u00f3n [&hellip;]<\/p>\n","protected":false},"author":212,"featured_media":0,"comment_status":"open","ping_status":"open","sticky":false,"template":"","format":"standard","meta":{"footnotes":""},"categories":[],"tags":[],"class_list":["post-28744","post","type-post","status-publish","format-standard","hentry"],"_links":{"self":[{"href":"https:\/\/ugelchucuito.edu.pe\/portal\/wp-json\/wp\/v2\/posts\/28744","targetHints":{"allow":["GET"]}}],"collection":[{"href":"https:\/\/ugelchucuito.edu.pe\/portal\/wp-json\/wp\/v2\/posts"}],"about":[{"href":"https:\/\/ugelchucuito.edu.pe\/portal\/wp-json\/wp\/v2\/types\/post"}],"author":[{"embeddable":true,"href":"https:\/\/ugelchucuito.edu.pe\/portal\/wp-json\/wp\/v2\/users\/212"}],"replies":[{"embeddable":true,"href":"https:\/\/ugelchucuito.edu.pe\/portal\/wp-json\/wp\/v2\/comments?post=28744"}],"version-history":[{"count":1,"href":"https:\/\/ugelchucuito.edu.pe\/portal\/wp-json\/wp\/v2\/posts\/28744\/revisions"}],"predecessor-version":[{"id":28747,"href":"https:\/\/ugelchucuito.edu.pe\/portal\/wp-json\/wp\/v2\/posts\/28744\/revisions\/28747"}],"wp:attachment":[{"href":"https:\/\/ugelchucuito.edu.pe\/portal\/wp-json\/wp\/v2\/media?parent=28744"}],"wp:term":[{"taxonomy":"category","embeddable":true,"href":"https:\/\/ugelchucuito.edu.pe\/portal\/wp-json\/wp\/v2\/categories?post=28744"},{"taxonomy":"post_tag","embeddable":true,"href":"https:\/\/ugelchucuito.edu.pe\/portal\/wp-json\/wp\/v2\/tags?post=28744"}],"curies":[{"name":"wp","href":"https:\/\/api.w.org\/{rel}","templated":true}]}}