{"id":28764,"date":"2025-06-30T11:42:14","date_gmt":"2025-06-30T16:42:14","guid":{"rendered":"https:\/\/ugelchucuito.edu.pe\/portal\/?p=28764"},"modified":"2025-06-30T11:47:18","modified_gmt":"2025-06-30T16:47:18","slug":"informate-sobre-beca-18-convocatoria-2026","status":"publish","type":"post","link":"https:\/\/ugelchucuito.edu.pe\/portal\/2025\/06\/30\/informate-sobre-beca-18-convocatoria-2026\/","title":{"rendered":"INF\u00d3RMATE SOBRE BECA 18 &#8211; CONVOCATORIA 2026"},"content":{"rendered":"\n<p>Se convoca a los Directores del Nivel Secundaria y docentes tutores, para participar en las reuni\u00f3n de socializaci\u00f3n de la Beca 18 \u2013 Convocatoria 2026, organizadas con el objetivo de brindar informaci\u00f3n oportuna y precisa sobre los requisitos, beneficios, etapas del concurso, entre otros aspectos relevantes de dicha beca dirigida a j\u00f3venes talentos en situaci\u00f3n de vulnerabilidad.<\/p>\n\n\n\n<p>La reuni\u00f3n se desarrollar\u00e1 de manera virtual<\/p>\n\n\n\n<p>D\u00eda lunes 14 de julio de 2025 a horas: 3:00 p.m.<\/p>\n\n\n\n<p>Mediante la plataforma: zoom<br><a href=\"https:\/\/us02web.zoom.us\/j\/86060436453?pwd=aXBHXedUkqrlfLMw9vnhSr2QdCnFVh.1#success\">https:\/\/us02web.zoom.us\/j\/86060436453?pwd=aXBHXedUkqrlfLMw9vnhSr2QdCnFVh.1#success<\/a><\/p>\n\n\n\n<p>Link de inscripci\u00f3n a la reuni\u00f3n: <a href=\"https:\/\/forms.gle\/yAxY5mTE61n4JV3c9\">https:\/\/forms.gle\/yAxY5mTE61n4JV3c9<\/a><\/p>\n\n\n\n<p>Agradecemos de antemano la atenci\u00f3n a la presente y reiteramos nuestra disposici\u00f3n para coordinar acciones conjuntas que contribuyan al acceso equitativo a la educaci\u00f3n superior de calidad.<\/p>\n\n\n\n<div data-wp-interactive=\"core\/file\" class=\"wp-block-file\"><object data-wp-bind--hidden=\"!state.hasPdfPreview\" hidden class=\"wp-block-file__embed\" data=\"https:\/\/ugelchucuito.edu.pe\/portal\/wp-content\/uploads\/2025\/06\/OFICIO2142025BECA18UGELCHUCUITO-JULI-30062025-102542-1.pdf\" type=\"application\/pdf\" style=\"width:100%;height:600px\" aria-label=\"Incrustado de OFICIO2142025BECA18UGELCHUCUITO JULI-[30062025 102542]-1.\"><\/object><a id=\"wp-block-file--media-5d595933-583d-49c3-9291-81ab95a2a782\" href=\"https:\/\/ugelchucuito.edu.pe\/portal\/wp-content\/uploads\/2025\/06\/OFICIO2142025BECA18UGELCHUCUITO-JULI-30062025-102542-1.pdf\">OFICIO2142025BECA18UGELCHUCUITO JULI-[30062025 102542]-1<\/a><a href=\"https:\/\/ugelchucuito.edu.pe\/portal\/wp-content\/uploads\/2025\/06\/OFICIO2142025BECA18UGELCHUCUITO-JULI-30062025-102542-1.pdf\" class=\"wp-block-file__button wp-element-button\" download aria-describedby=\"wp-block-file--media-5d595933-583d-49c3-9291-81ab95a2a782\">Descarga<\/a><\/div>\n","protected":false},"excerpt":{"rendered":"<p>Se convoca a los Directores del Nivel Secundaria y docentes tutores, para participar en las reuni\u00f3n de socializaci\u00f3n de la Beca 18 \u2013 Convocatoria 2026, organizadas con el objetivo de brindar informaci\u00f3n oportuna y precisa sobre los requisitos, beneficios, etapas del concurso, entre otros aspectos relevantes de dicha beca dirigida a j\u00f3venes talentos en situaci\u00f3n [&hellip;]<\/p>\n","protected":false},"author":2,"featured_media":0,"comment_status":"open","ping_status":"open","sticky":false,"template":"","format":"standard","meta":{"footnotes":""},"categories":[],"tags":[],"class_list":["post-28764","post","type-post","status-publish","format-standard","hentry"],"_links":{"self":[{"href":"https:\/\/ugelchucuito.edu.pe\/portal\/wp-json\/wp\/v2\/posts\/28764","targetHints":{"allow":["GET"]}}],"collection":[{"href":"https:\/\/ugelchucuito.edu.pe\/portal\/wp-json\/wp\/v2\/posts"}],"about":[{"href":"https:\/\/ugelchucuito.edu.pe\/portal\/wp-json\/wp\/v2\/types\/post"}],"author":[{"embeddable":true,"href":"https:\/\/ugelchucuito.edu.pe\/portal\/wp-json\/wp\/v2\/users\/2"}],"replies":[{"embeddable":true,"href":"https:\/\/ugelchucuito.edu.pe\/portal\/wp-json\/wp\/v2\/comments?post=28764"}],"version-history":[{"count":2,"href":"https:\/\/ugelchucuito.edu.pe\/portal\/wp-json\/wp\/v2\/posts\/28764\/revisions"}],"predecessor-version":[{"id":28771,"href":"https:\/\/ugelchucuito.edu.pe\/portal\/wp-json\/wp\/v2\/posts\/28764\/revisions\/28771"}],"wp:attachment":[{"href":"https:\/\/ugelchucuito.edu.pe\/portal\/wp-json\/wp\/v2\/media?parent=28764"}],"wp:term":[{"taxonomy":"category","embeddable":true,"href":"https:\/\/ugelchucuito.edu.pe\/portal\/wp-json\/wp\/v2\/categories?post=28764"},{"taxonomy":"post_tag","embeddable":true,"href":"https:\/\/ugelchucuito.edu.pe\/portal\/wp-json\/wp\/v2\/tags?post=28764"}],"curies":[{"name":"wp","href":"https:\/\/api.w.org\/{rel}","templated":true}]}}